{"id":104,"date":"2026-07-28T13:19:36","date_gmt":"2026-07-28T13:19:36","guid":{"rendered":"https:\/\/cref11.org.br\/2o-vice-presidente-do-cref11-ms-porto-vanderlei-ministra-palestra-na-uniderp-em-campo-grande\/"},"modified":"2026-07-28T13:19:36","modified_gmt":"2026-07-28T13:19:36","slug":"2o-vice-presidente-do-cref11ms-porto-vanderlei-ministra-palestra-na-uniderp-em-c","status":"publish","type":"post","link":"https:\/\/nexloo.mx\/cref11\/2o-vice-presidente-do-cref11ms-porto-vanderlei-ministra-palestra-na-uniderp-em-c\/","title":{"rendered":"2\u00ba vice-presidente do CREF11\/MS, Porto Vanderlei, ministra palestra na Uniderp em Campo Grande"},"content":{"rendered":"<p><main class=\"site-main post-958 post type-post status-publish format-standard hentry category-noticias\" id=\"content\"><\/p>\n<div class=\"page-content\">\n<p class=\"wp-block-paragraph\">\n<p class=\"wp-block-paragraph\">O 2\u00ba vice-presidente do CREF11\/MS, Porto Vanderlei, ministrou, nessa semana, a palestra \u201cO perfil ideal do Profissional de Educa\u00e7\u00e3o F\u00edsica (PEF)\u201d para acad\u00eamicos e professores de Educa\u00e7\u00e3o F\u00edsica na Uniderp de Campo Grande. Os alunos puderam conhecer mais sobre a defini\u00e7\u00e3o e conceitos do comportamento do PEF frente ao desempenho das suas fun\u00e7\u00f5es, a partir de uma abordagem t\u00e9cnica e com rela\u00e7\u00e3o \u00e0 popula\u00e7\u00e3o-alvo. Al\u00e9m de estudo de casos de infra\u00e7\u00e3o \u00e9tica.<\/p>\n<p class=\"wp-block-paragraph\">O CREF11\/MS destaca a import\u00e2ncia dos acad\u00eamicos e seus docentes estarem informados sobre esse assunto a fim de contribu\u00edrem, no futuro, com a popula\u00e7\u00e3o de forma \u00e9tica e profissional.<\/p>\n<figure class=\"wp-block-image size-large\"><img fetchpriority=\"high\" alt=\"\" class=\"wp-image-959\" decoding=\"async\" height=\"1024\" src=\"https:\/\/nexloo.mx\/cref11\/wp-content\/uploads\/2023\/04\/165-1024x1024.png\" width=\"1024\"\/><\/figure>\n<div class=\"post-tags\">\n<\/div>\n<\/div>\n<p><!-- .comments-area --><br \/>\n<\/main><\/p>\n","protected":false},"excerpt":{"rendered":"<p>O 2\u00ba vice-presidente do CREF11\/MS, Porto Vanderlei, ministrou, nessa semana, a palestra \u201cO perfil ideal do Profissional de Educa\u00e7\u00e3o F\u00edsica (PEF)\u201d para acad\u00eamicos e professores de Educa\u00e7\u00e3o F\u00edsica na Uniderp de Campo Grande. Os alunos puderam conhecer mais sobre a defini\u00e7\u00e3o e conceitos do comportamento do PEF frente ao desempenho das suas fun\u00e7\u00f5es, a partir&#8230;<\/p>\n","protected":false},"author":1,"featured_media":10109,"comment_status":"open","ping_status":"open","sticky":false,"template":"","format":"standard","meta":{"site-sidebar-layout":"default","site-content-layout":"","ast-site-content-layout":"default","site-content-style":"default","site-sidebar-style":"default","ast-global-header-display":"","ast-banner-title-visibility":"","ast-main-header-display":"","ast-hfb-above-header-display":"","ast-hfb-below-header-display":"","ast-hfb-mobile-header-display":"","site-post-title":"","ast-breadcrumbs-content":"","ast-featured-img":"","footer-sml-layout":"","ast-disable-related-posts":"","theme-transparent-header-meta":"","adv-header-id-meta":"","stick-header-meta":"","header-above-stick-meta":"","header-main-stick-meta":"","header-below-stick-meta":"","astra-migrate-meta-layouts":"default","ast-page-background-enabled":"default","ast-page-background-meta":{"desktop":{"background-color":"var(--ast-global-color-5)","background-image":"","background-repeat":"repeat","background-position":"center center","background-size":"auto","background-attachment":"scroll","background-type":"","background-media":"","overlay-type":"","overlay-color":"","overlay-opacity":"","overlay-gradient":""},"tablet":{"background-color":"","background-image":"","background-repeat":"repeat","background-position":"center center","background-size":"auto","background-attachment":"scroll","background-type":"","background-media":"","overlay-type":"","overlay-color":"","overlay-opacity":"","overlay-gradient":""},"mobile":{"background-color":"","background-image":"","background-repeat":"repeat","background-position":"center center","background-size":"auto","background-attachment":"scroll","background-type":"","background-media":"","overlay-type":"","overlay-color":"","overlay-opacity":"","overlay-gradient":""}},"ast-content-background-meta":{"desktop":{"background-color":"var(--ast-global-color-4)","background-image":"","background-repeat":"repeat","background-position":"center center","background-size":"auto","background-attachment":"scroll","background-type":"","background-media":"","overlay-type":"","overlay-color":"","overlay-opacity":"","overlay-gradient":""},"tablet":{"background-color":"var(--ast-global-color-4)","background-image":"","background-repeat":"repeat","background-position":"center center","background-size":"auto","background-attachment":"scroll","background-type":"","background-media":"","overlay-type":"","overlay-color":"","overlay-opacity":"","overlay-gradient":""},"mobile":{"background-color":"var(--ast-global-color-4)","background-image":"","background-repeat":"repeat","background-position":"center center","background-size":"auto","background-attachment":"scroll","background-type":"","background-media":"","overlay-type":"","overlay-color":"","overlay-opacity":"","overlay-gradient":""}},"footnotes":""},"categories":[1],"tags":[],"class_list":["post-104","post","type-post","status-publish","format-standard","has-post-thumbnail","hentry","category-sem-categoria"],"_links":{"self":[{"href":"https:\/\/nexloo.mx\/cref11\/wp-json\/wp\/v2\/posts\/104","targetHints":{"allow":["GET"]}}],"collection":[{"href":"https:\/\/nexloo.mx\/cref11\/wp-json\/wp\/v2\/posts"}],"about":[{"href":"https:\/\/nexloo.mx\/cref11\/wp-json\/wp\/v2\/types\/post"}],"author":[{"embeddable":true,"href":"https:\/\/nexloo.mx\/cref11\/wp-json\/wp\/v2\/users\/1"}],"replies":[{"embeddable":true,"href":"https:\/\/nexloo.mx\/cref11\/wp-json\/wp\/v2\/comments?post=104"}],"version-history":[{"count":0,"href":"https:\/\/nexloo.mx\/cref11\/wp-json\/wp\/v2\/posts\/104\/revisions"}],"wp:featuredmedia":[{"embeddable":true,"href":"https:\/\/nexloo.mx\/cref11\/wp-json\/wp\/v2\/media\/10109"}],"wp:attachment":[{"href":"https:\/\/nexloo.mx\/cref11\/wp-json\/wp\/v2\/media?parent=104"}],"wp:term":[{"taxonomy":"category","embeddable":true,"href":"https:\/\/nexloo.mx\/cref11\/wp-json\/wp\/v2\/categories?post=104"},{"taxonomy":"post_tag","embeddable":true,"href":"https:\/\/nexloo.mx\/cref11\/wp-json\/wp\/v2\/tags?post=104"}],"curies":[{"name":"wp","href":"https:\/\/api.w.org\/{rel}","templated":true}]}}