{"id":115,"date":"2026-07-28T13:19:36","date_gmt":"2026-07-28T13:19:36","guid":{"rendered":"https:\/\/cref11.org.br\/saiba-como-fazer-a-inclusao-de-licenciatura-bacharelado\/"},"modified":"2026-07-28T13:19:36","modified_gmt":"2026-07-28T13:19:36","slug":"saiba-como-fazer-a-inclusao-de-licenciaturabacharelado","status":"publish","type":"post","link":"https:\/\/nexloo.mx\/cref11\/saiba-como-fazer-a-inclusao-de-licenciaturabacharelado\/","title":{"rendered":"Sa\u00edba como fazer a inclus\u00e3o de Licenciatura\/Bacharelado"},"content":{"rendered":"<p><main class=\"site-main post-1045 post type-post status-publish format-standard hentry category-noticias\" id=\"content\"><\/p>\n<div class=\"page-content\">\n<p class=\"wp-block-paragraph\">Acesse <a href=\"https:\/\/nexloo.mx\/cref11\/inclusao-de-licenciatura-bacharelado\/\">cref11.org.br\/inclusao-de-licenciatura-bacharelado\/<\/a> para preencher e imprimir o formul\u00e1rio<\/p>\n<p class=\"wp-block-paragraph\">O profissional que concluir a segunda gradua\u00e7\u00e3o (Licenciatura ou Bacharelado em Educa\u00e7\u00e3o F\u00edsica) dever\u00e1 requerer a inclus\u00e3o do t\u00edtulo ao registro profissional mediante solicita\u00e7\u00e3o.<\/p>\n<p class=\"wp-block-paragraph\">Em seguida, anexe ao requerimento os documentos solicitados e entregue pessoalmente ou envie via correios<\/p>\n<p class=\"wp-block-paragraph\">-C\u00f3pia autenticada, frente e verso, do diploma da primeira gradua\u00e7\u00e3o devidamente assinado pelo diplomado (caso ainda n\u00e3o tenha sido entregue).<br \/>-C\u00f3pia autenticada, frente e verso, do diploma do t\u00edtulo a incluir.<br \/>-C\u00f3pia autenticada do hist\u00f3rico escolar do t\u00edtulo a incluir;<br \/>-Carteira de Identidade Profissional (atual) original;<br \/>-1 foto 3\u00d74 recente, colorida e apropriada para documento oficial;<\/p>\n<p class=\"wp-block-paragraph\">No caso dos rec\u00e9m-formados, cuja cola\u00e7\u00e3o de grau j\u00e1 tenha ocorrido e o requerimento de registro seja realizado dentro do prazo de 180 (cento e oitenta) dias, a c\u00f3pia do diploma poder\u00e1 ser substitu\u00edda por certid\u00e3o, certificado ou declara\u00e7\u00e3o de conclus\u00e3o do Curso de Educa\u00e7\u00e3o F\u00edsica, emitida e assinada por Institui\u00e7\u00e3o de Ensino Superior, constando, expressamente:<br \/>\u2013 nome do graduado;<br \/>-n\u00famero da identidade e do CPF;<br \/>-data de autoriza\u00e7\u00e3o e reconhecimento do curso;<br \/>-base legal do respectivo curso de Educa\u00e7\u00e3o F\u00edsica, ou seja, n\u00famero da Resolu\u00e7\u00e3o exarada pelo Conselho Nacional de Educa\u00e7\u00e3o;<br \/>-data de ingresso do graduado no curso;<br \/>-data da cola\u00e7\u00e3o de grau realizada..<\/p>\n<p class=\"wp-block-paragraph\"><strong>Aten\u00e7\u00e3o:<\/strong><br \/>-N\u00e3o ser\u00e1 devida anuidade em duplicidade em raz\u00e3o de que o registro \u00e9 \u00fanico para as duas habilita\u00e7\u00f5es.<br \/>-Nos itens em que s\u00e3o solicitadas c\u00f3pias autenticadas, poder\u00e3o ser apresentadas c\u00f3pias simples, desde que estejam acompanhadas das vias originais;<br \/>-Os documentos dever\u00e3o ser enviados via correios ou entregues pessoalmente na sede do CREF11\/MS.<\/p>\n<p class=\"wp-block-paragraph\"><strong>Mais informa\u00e7\u00f5es<\/strong>:<br \/><a href=\"http:\/\/www.cref11.org.br\/\" rel=\"noreferrer noopener\" target=\"_blank\">http:\/\/www.cref11.org.br\/<\/a><br \/>registropf@cref11.org.br<br \/>3027-9102 ou 9 9987-8296<br \/>Rua Joaquim Murtinho,158, Centro-Campo Grande\/MS 79002-100<\/p>\n<figure class=\"wp-block-image size-large\"><img fetchpriority=\"high\" alt=\"\" class=\"wp-image-1046\" decoding=\"async\" height=\"1024\" src=\"https:\/\/nexloo.mx\/cref11\/wp-content\/uploads\/2026\/07\/WhatsApp-Image-2023-05-11-at-17.56.18-1-1024x1024-1.jpeg\" width=\"1024\"\/><\/figure>\n<div class=\"post-tags\">\n<\/div>\n<\/div>\n<p><!-- .comments-area --><br \/>\n<\/main><\/p>\n","protected":false},"excerpt":{"rendered":"<p>Acesse cref11.org.br\/inclusao-de-licenciatura-bacharelado\/ para preencher e imprimir o formul\u00e1rio O profissional que concluir a segunda gradua\u00e7\u00e3o (Licenciatura ou Bacharelado em Educa\u00e7\u00e3o F\u00edsica) dever\u00e1 requerer a inclus\u00e3o do t\u00edtulo ao registro profissional mediante solicita\u00e7\u00e3o. Em seguida, anexe ao requerimento os documentos solicitados e entregue pessoalmente ou envie via correios -C\u00f3pia autenticada, frente e verso, do diploma da&#8230;<\/p>\n","protected":false},"author":1,"featured_media":10156,"comment_status":"open","ping_status":"open","sticky":false,"template":"","format":"standard","meta":{"site-sidebar-layout":"default","site-content-layout":"","ast-site-content-layout":"default","site-content-style":"default","site-sidebar-style":"default","ast-global-header-display":"","ast-banner-title-visibility":"","ast-main-header-display":"","ast-hfb-above-header-display":"","ast-hfb-below-header-display":"","ast-hfb-mobile-header-display":"","site-post-title":"","ast-breadcrumbs-content":"","ast-featured-img":"","footer-sml-layout":"","ast-disable-related-posts":"","theme-transparent-header-meta":"","adv-header-id-meta":"","stick-header-meta":"","header-above-stick-meta":"","header-main-stick-meta":"","header-below-stick-meta":"","astra-migrate-meta-layouts":"default","ast-page-background-enabled":"default","ast-page-background-meta":{"desktop":{"background-color":"var(--ast-global-color-5)","background-image":"","background-repeat":"repeat","background-position":"center center","background-size":"auto","background-attachment":"scroll","background-type":"","background-media":"","overlay-type":"","overlay-color":"","overlay-opacity":"","overlay-gradient":""},"tablet":{"background-color":"","background-image":"","background-repeat":"repeat","background-position":"center center","background-size":"auto","background-attachment":"scroll","background-type":"","background-media":"","overlay-type":"","overlay-color":"","overlay-opacity":"","overlay-gradient":""},"mobile":{"background-color":"","background-image":"","background-repeat":"repeat","background-position":"center center","background-size":"auto","background-attachment":"scroll","background-type":"","background-media":"","overlay-type":"","overlay-color":"","overlay-opacity":"","overlay-gradient":""}},"ast-content-background-meta":{"desktop":{"background-color":"var(--ast-global-color-4)","background-image":"","background-repeat":"repeat","background-position":"center center","background-size":"auto","background-attachment":"scroll","background-type":"","background-media":"","overlay-type":"","overlay-color":"","overlay-opacity":"","overlay-gradient":""},"tablet":{"background-color":"var(--ast-global-color-4)","background-image":"","background-repeat":"repeat","background-position":"center center","background-size":"auto","background-attachment":"scroll","background-type":"","background-media":"","overlay-type":"","overlay-color":"","overlay-opacity":"","overlay-gradient":""},"mobile":{"background-color":"var(--ast-global-color-4)","background-image":"","background-repeat":"repeat","background-position":"center center","background-size":"auto","background-attachment":"scroll","background-type":"","background-media":"","overlay-type":"","overlay-color":"","overlay-opacity":"","overlay-gradient":""}},"footnotes":""},"categories":[1],"tags":[],"class_list":["post-115","post","type-post","status-publish","format-standard","has-post-thumbnail","hentry","category-sem-categoria"],"_links":{"self":[{"href":"https:\/\/nexloo.mx\/cref11\/wp-json\/wp\/v2\/posts\/115","targetHints":{"allow":["GET"]}}],"collection":[{"href":"https:\/\/nexloo.mx\/cref11\/wp-json\/wp\/v2\/posts"}],"about":[{"href":"https:\/\/nexloo.mx\/cref11\/wp-json\/wp\/v2\/types\/post"}],"author":[{"embeddable":true,"href":"https:\/\/nexloo.mx\/cref11\/wp-json\/wp\/v2\/users\/1"}],"replies":[{"embeddable":true,"href":"https:\/\/nexloo.mx\/cref11\/wp-json\/wp\/v2\/comments?post=115"}],"version-history":[{"count":0,"href":"https:\/\/nexloo.mx\/cref11\/wp-json\/wp\/v2\/posts\/115\/revisions"}],"wp:featuredmedia":[{"embeddable":true,"href":"https:\/\/nexloo.mx\/cref11\/wp-json\/wp\/v2\/media\/10156"}],"wp:attachment":[{"href":"https:\/\/nexloo.mx\/cref11\/wp-json\/wp\/v2\/media?parent=115"}],"wp:term":[{"taxonomy":"category","embeddable":true,"href":"https:\/\/nexloo.mx\/cref11\/wp-json\/wp\/v2\/categories?post=115"},{"taxonomy":"post_tag","embeddable":true,"href":"https:\/\/nexloo.mx\/cref11\/wp-json\/wp\/v2\/tags?post=115"}],"curies":[{"name":"wp","href":"https:\/\/api.w.org\/{rel}","templated":true}]}}