{"id":136,"date":"2026-07-28T13:19:36","date_gmt":"2026-07-28T13:19:36","guid":{"rendered":"https:\/\/cref11.org.br\/cref11-ms-abre-inscricao-para-indicacao-de-profissionais-a-serem-homenageados-pela-medalha-do-merito-da-educacao-fisica-professor-joao-batista-campagnani-ferreira-2023\/"},"modified":"2026-07-28T13:19:36","modified_gmt":"2026-07-28T13:19:36","slug":"cref11ms-abre-inscricao-para-indicacao-de-profissionais-a-serem-homenageados-pel","status":"publish","type":"post","link":"https:\/\/nexloo.mx\/cref11\/cref11ms-abre-inscricao-para-indicacao-de-profissionais-a-serem-homenageados-pel\/","title":{"rendered":"CREF11\/MS abre inscri\u00e7\u00e3o para indica\u00e7\u00e3o de profissionais a serem homenageados pela Medalha do M\u00e9rito da Educa\u00e7\u00e3o F\u00edsica-Professor Jo\u00e3o Batista Campagnani Ferreira \u2013 2023"},"content":{"rendered":"<p><main class=\"site-main post-1171 post type-post status-publish format-standard hentry category-noticias\" id=\"content\"><\/p>\n<div class=\"page-content\">\n<p class=\"wp-block-paragraph\">O CREF11\/MS est\u00e1 com as inscri\u00e7\u00f5es abertas para a indica\u00e7\u00e3o de profissionais a serem homenageados pela Medalha do M\u00e9rito da Educa\u00e7\u00e3o F\u00edsica-Professor Jo\u00e3o Batista Campagnani Ferreira, da edi\u00e7\u00e3o de 2023. \u00c9 um momento de valoriza\u00e7\u00e3o e reconhecimento de profissionais que contribuem com o nosso estado e com a Educa\u00e7\u00e3o F\u00edsica.<\/p>\n<p class=\"wp-block-paragraph\">Para fazer a indica\u00e7\u00e3o \u00e9 necess\u00e1rio preencher o formul\u00e1rio de indica\u00e7\u00e3o que dever\u00e1 ser encaminhado para o endere\u00e7o eletr\u00f4nico cref11@cref11.org.br, contendo as atividades desenvolvidas no \u00e2mbito da Educa\u00e7\u00e3o F\u00edsica, ao qual dever\u00e1 ser anexado o curr\u00edculo Lattes ou Vitae e uma declara\u00e7\u00e3o de anu\u00eancia do indicado, conforme modelo disponibilizado no site do CREF11\/MS. A inscri\u00e7\u00e3o segue at\u00e9 o dia 30 de junho.<\/p>\n<p class=\"wp-block-paragraph\">A medalha \u00e9 outorgada anualmente por ocasi\u00e3o da comemora\u00e7\u00e3o do Dia do Profissional de Educa\u00e7\u00e3o F\u00edsica para at\u00e9 05 Pessoas F\u00edsicas, sendo 03 delas Profissionais de Educa\u00e7\u00e3o F\u00edsica, que tenham contribu\u00eddo para o desenvolvimento da Profiss\u00e3o no campo da ci\u00eancia ou social, ou ainda tenham prestado servi\u00e7os relevantes a Educa\u00e7\u00e3o F\u00edsica sul mato-grossense, em \u00e2mbito nacional ou internacional.<\/p>\n<p class=\"wp-block-paragraph\">O formul\u00e1rio e as resolu\u00e7\u00f5es est\u00e3o dispon\u00edveis no site: <a href=\"http:\/\/www.cref11.org.br\" rel=\"noreferrer noopener\" target=\"_blank\">www.cref11.org.br<\/a>.<\/p>\n<p class=\"wp-block-paragraph\"><strong>Professor Jo\u00e3o Batista Campagnani Ferreira<\/strong><\/p>\n<p class=\"wp-block-paragraph\">A medalha carrega o nome do profissional de Educa\u00e7\u00e3o F\u00edsica, Professor Jo\u00e3o Batista Campagnani Ferreira, um dos precursores da \u00e1rea em Mato Grosso do Sul, trazendo para o Estado, ainda na \u00e9poca do Mato Grosso Uno, todo seu conhecimento e contribuindo para o crescimento da profiss\u00e3o. Ele foi o primeiro a lecionar uma aula de Educa\u00e7\u00e3o F\u00edsica na Universidade Federal de Mato Grosso do Sul e um dos fundadores do curso de Educa\u00e7\u00e3o F\u00edsica<\/p>\n<figure class=\"wp-block-image size-large\"><img fetchpriority=\"high\" alt=\"\" class=\"wp-image-1172\" decoding=\"async\" height=\"1024\" src=\"https:\/\/nexloo.mx\/cref11\/wp-content\/uploads\/2026\/07\/WhatsApp-Image-2023-06-19-at-15.10.40-1024x1024-1.jpeg\" width=\"1024\"\/><\/figure>\n<div class=\"post-tags\">\n<\/div>\n<\/div>\n<p><!-- .comments-area --><br \/>\n<\/main><\/p>\n","protected":false},"excerpt":{"rendered":"<p>O CREF11\/MS est\u00e1 com as inscri\u00e7\u00f5es abertas para a indica\u00e7\u00e3o de profissionais a serem homenageados pela Medalha do M\u00e9rito da Educa\u00e7\u00e3o F\u00edsica-Professor Jo\u00e3o Batista Campagnani Ferreira, da edi\u00e7\u00e3o de 2023. \u00c9 um momento de valoriza\u00e7\u00e3o e reconhecimento de profissionais que contribuem com o nosso estado e com a Educa\u00e7\u00e3o F\u00edsica. Para fazer a indica\u00e7\u00e3o \u00e9&#8230;<\/p>\n","protected":false},"author":1,"featured_media":10180,"comment_status":"open","ping_status":"open","sticky":false,"template":"","format":"standard","meta":{"site-sidebar-layout":"default","site-content-layout":"","ast-site-content-layout":"default","site-content-style":"default","site-sidebar-style":"default","ast-global-header-display":"","ast-banner-title-visibility":"","ast-main-header-display":"","ast-hfb-above-header-display":"","ast-hfb-below-header-display":"","ast-hfb-mobile-header-display":"","site-post-title":"","ast-breadcrumbs-content":"","ast-featured-img":"","footer-sml-layout":"","ast-disable-related-posts":"","theme-transparent-header-meta":"","adv-header-id-meta":"","stick-header-meta":"","header-above-stick-meta":"","header-main-stick-meta":"","header-below-stick-meta":"","astra-migrate-meta-layouts":"default","ast-page-background-enabled":"default","ast-page-background-meta":{"desktop":{"background-color":"var(--ast-global-color-5)","background-image":"","background-repeat":"repeat","background-position":"center center","background-size":"auto","background-attachment":"scroll","background-type":"","background-media":"","overlay-type":"","overlay-color":"","overlay-opacity":"","overlay-gradient":""},"tablet":{"background-color":"","background-image":"","background-repeat":"repeat","background-position":"center center","background-size":"auto","background-attachment":"scroll","background-type":"","background-media":"","overlay-type":"","overlay-color":"","overlay-opacity":"","overlay-gradient":""},"mobile":{"background-color":"","background-image":"","background-repeat":"repeat","background-position":"center center","background-size":"auto","background-attachment":"scroll","background-type":"","background-media":"","overlay-type":"","overlay-color":"","overlay-opacity":"","overlay-gradient":""}},"ast-content-background-meta":{"desktop":{"background-color":"var(--ast-global-color-4)","background-image":"","background-repeat":"repeat","background-position":"center center","background-size":"auto","background-attachment":"scroll","background-type":"","background-media":"","overlay-type":"","overlay-color":"","overlay-opacity":"","overlay-gradient":""},"tablet":{"background-color":"var(--ast-global-color-4)","background-image":"","background-repeat":"repeat","background-position":"center center","background-size":"auto","background-attachment":"scroll","background-type":"","background-media":"","overlay-type":"","overlay-color":"","overlay-opacity":"","overlay-gradient":""},"mobile":{"background-color":"var(--ast-global-color-4)","background-image":"","background-repeat":"repeat","background-position":"center center","background-size":"auto","background-attachment":"scroll","background-type":"","background-media":"","overlay-type":"","overlay-color":"","overlay-opacity":"","overlay-gradient":""}},"footnotes":""},"categories":[1],"tags":[],"class_list":["post-136","post","type-post","status-publish","format-standard","has-post-thumbnail","hentry","category-sem-categoria"],"_links":{"self":[{"href":"https:\/\/nexloo.mx\/cref11\/wp-json\/wp\/v2\/posts\/136","targetHints":{"allow":["GET"]}}],"collection":[{"href":"https:\/\/nexloo.mx\/cref11\/wp-json\/wp\/v2\/posts"}],"about":[{"href":"https:\/\/nexloo.mx\/cref11\/wp-json\/wp\/v2\/types\/post"}],"author":[{"embeddable":true,"href":"https:\/\/nexloo.mx\/cref11\/wp-json\/wp\/v2\/users\/1"}],"replies":[{"embeddable":true,"href":"https:\/\/nexloo.mx\/cref11\/wp-json\/wp\/v2\/comments?post=136"}],"version-history":[{"count":0,"href":"https:\/\/nexloo.mx\/cref11\/wp-json\/wp\/v2\/posts\/136\/revisions"}],"wp:featuredmedia":[{"embeddable":true,"href":"https:\/\/nexloo.mx\/cref11\/wp-json\/wp\/v2\/media\/10180"}],"wp:attachment":[{"href":"https:\/\/nexloo.mx\/cref11\/wp-json\/wp\/v2\/media?parent=136"}],"wp:term":[{"taxonomy":"category","embeddable":true,"href":"https:\/\/nexloo.mx\/cref11\/wp-json\/wp\/v2\/categories?post=136"},{"taxonomy":"post_tag","embeddable":true,"href":"https:\/\/nexloo.mx\/cref11\/wp-json\/wp\/v2\/tags?post=136"}],"curies":[{"name":"wp","href":"https:\/\/api.w.org\/{rel}","templated":true}]}}