{"id":155,"date":"2026-07-28T13:19:36","date_gmt":"2026-07-28T13:19:36","guid":{"rendered":"https:\/\/cref11.org.br\/caarapo-recebe-cref11-ms-ativo\/"},"modified":"2026-07-28T13:19:36","modified_gmt":"2026-07-28T13:19:36","slug":"caarapo-recebe-cref11ms-ativo","status":"publish","type":"post","link":"https:\/\/nexloo.mx\/cref11\/caarapo-recebe-cref11ms-ativo\/","title":{"rendered":"Caarap\u00f3 recebe CREF11\/MS Ativo"},"content":{"rendered":"<p><main class=\"site-main post-1282 post type-post status-publish format-standard hentry category-noticias\" id=\"content\"><\/p>\n<div class=\"page-content\">\n<p class=\"wp-block-paragraph\">A presidente do CREF11\/MS, Eliana de Mattos Carvalho, realizou nessa quinta-feira (10), em a\u00e7\u00e3o pelo projeto CREF11\/MS Ativo, uma visita \u00e0 Caarap\u00f3, para ministrar a palestra com o tema \u201cAtualiza\u00e7\u00e3o da Nova Legisla\u00e7\u00e3o\u201d. A a\u00e7\u00e3o possui o objetivo de capacitar e atualizar os Profissionais de Educa\u00e7\u00e3o F\u00edsica e acad\u00eamicos conforme a Legisla\u00e7\u00e3o para um atendimento eficiente \u00e0 popula\u00e7\u00e3o sul-mato-grossense.<\/p>\n<p class=\"wp-block-paragraph\">O 2\u00ba secret\u00e1rio do CREF11\/MS, Eriobaldo Pimentel, e o conselheiro Ben-Hur Laprano tamb\u00e9m estiveram presentes.<\/p>\n<figure class=\"wp-block-image size-large\"><img fetchpriority=\"high\" alt=\"\" class=\"wp-image-1283\" decoding=\"async\" height=\"1024\" src=\"https:\/\/nexloo.mx\/cref11\/wp-content\/uploads\/2026\/07\/248-1024x1024-1.png\" width=\"1024\"\/><\/figure>\n<div class=\"post-tags\">\n<\/div>\n<\/div>\n<p><!-- .comments-area --><br \/>\n<\/main><\/p>\n","protected":false},"excerpt":{"rendered":"<p>A presidente do CREF11\/MS, Eliana de Mattos Carvalho, realizou nessa quinta-feira (10), em a\u00e7\u00e3o pelo projeto CREF11\/MS Ativo, uma visita \u00e0 Caarap\u00f3, para ministrar a palestra com o tema \u201cAtualiza\u00e7\u00e3o da Nova Legisla\u00e7\u00e3o\u201d. A a\u00e7\u00e3o possui o objetivo de capacitar e atualizar os Profissionais de Educa\u00e7\u00e3o F\u00edsica e acad\u00eamicos conforme a Legisla\u00e7\u00e3o para um atendimento&#8230;<\/p>\n","protected":false},"author":1,"featured_media":10204,"comment_status":"open","ping_status":"open","sticky":false,"template":"","format":"standard","meta":{"site-sidebar-layout":"default","site-content-layout":"","ast-site-content-layout":"default","site-content-style":"default","site-sidebar-style":"default","ast-global-header-display":"","ast-banner-title-visibility":"","ast-main-header-display":"","ast-hfb-above-header-display":"","ast-hfb-below-header-display":"","ast-hfb-mobile-header-display":"","site-post-title":"","ast-breadcrumbs-content":"","ast-featured-img":"","footer-sml-layout":"","ast-disable-related-posts":"","theme-transparent-header-meta":"","adv-header-id-meta":"","stick-header-meta":"","header-above-stick-meta":"","header-main-stick-meta":"","header-below-stick-meta":"","astra-migrate-meta-layouts":"default","ast-page-background-enabled":"default","ast-page-background-meta":{"desktop":{"background-color":"var(--ast-global-color-5)","background-image":"","background-repeat":"repeat","background-position":"center center","background-size":"auto","background-attachment":"scroll","background-type":"","background-media":"","overlay-type":"","overlay-color":"","overlay-opacity":"","overlay-gradient":""},"tablet":{"background-color":"","background-image":"","background-repeat":"repeat","background-position":"center center","background-size":"auto","background-attachment":"scroll","background-type":"","background-media":"","overlay-type":"","overlay-color":"","overlay-opacity":"","overlay-gradient":""},"mobile":{"background-color":"","background-image":"","background-repeat":"repeat","background-position":"center center","background-size":"auto","background-attachment":"scroll","background-type":"","background-media":"","overlay-type":"","overlay-color":"","overlay-opacity":"","overlay-gradient":""}},"ast-content-background-meta":{"desktop":{"background-color":"var(--ast-global-color-4)","background-image":"","background-repeat":"repeat","background-position":"center center","background-size":"auto","background-attachment":"scroll","background-type":"","background-media":"","overlay-type":"","overlay-color":"","overlay-opacity":"","overlay-gradient":""},"tablet":{"background-color":"var(--ast-global-color-4)","background-image":"","background-repeat":"repeat","background-position":"center center","background-size":"auto","background-attachment":"scroll","background-type":"","background-media":"","overlay-type":"","overlay-color":"","overlay-opacity":"","overlay-gradient":""},"mobile":{"background-color":"var(--ast-global-color-4)","background-image":"","background-repeat":"repeat","background-position":"center center","background-size":"auto","background-attachment":"scroll","background-type":"","background-media":"","overlay-type":"","overlay-color":"","overlay-opacity":"","overlay-gradient":""}},"footnotes":""},"categories":[1],"tags":[],"class_list":["post-155","post","type-post","status-publish","format-standard","has-post-thumbnail","hentry","category-sem-categoria"],"_links":{"self":[{"href":"https:\/\/nexloo.mx\/cref11\/wp-json\/wp\/v2\/posts\/155","targetHints":{"allow":["GET"]}}],"collection":[{"href":"https:\/\/nexloo.mx\/cref11\/wp-json\/wp\/v2\/posts"}],"about":[{"href":"https:\/\/nexloo.mx\/cref11\/wp-json\/wp\/v2\/types\/post"}],"author":[{"embeddable":true,"href":"https:\/\/nexloo.mx\/cref11\/wp-json\/wp\/v2\/users\/1"}],"replies":[{"embeddable":true,"href":"https:\/\/nexloo.mx\/cref11\/wp-json\/wp\/v2\/comments?post=155"}],"version-history":[{"count":0,"href":"https:\/\/nexloo.mx\/cref11\/wp-json\/wp\/v2\/posts\/155\/revisions"}],"wp:featuredmedia":[{"embeddable":true,"href":"https:\/\/nexloo.mx\/cref11\/wp-json\/wp\/v2\/media\/10204"}],"wp:attachment":[{"href":"https:\/\/nexloo.mx\/cref11\/wp-json\/wp\/v2\/media?parent=155"}],"wp:term":[{"taxonomy":"category","embeddable":true,"href":"https:\/\/nexloo.mx\/cref11\/wp-json\/wp\/v2\/categories?post=155"},{"taxonomy":"post_tag","embeddable":true,"href":"https:\/\/nexloo.mx\/cref11\/wp-json\/wp\/v2\/tags?post=155"}],"curies":[{"name":"wp","href":"https:\/\/api.w.org\/{rel}","templated":true}]}}