{"id":167,"date":"2026-07-28T13:19:36","date_gmt":"2026-07-28T13:19:36","guid":{"rendered":"https:\/\/cref11.org.br\/ii-formacao-de-educacao-fisica-e-saude-esta-com-inscricoes-abertas-e-marca-comemoracoes-do-cref11-ms-em-dourados\/"},"modified":"2026-07-28T13:19:36","modified_gmt":"2026-07-28T13:19:36","slug":"ii-formacao-de-educacao-fisica-e-saude-esta-com-inscricoes-abertas-e-marca-comem-2","status":"publish","type":"post","link":"https:\/\/nexloo.mx\/cref11\/ii-formacao-de-educacao-fisica-e-saude-esta-com-inscricoes-abertas-e-marca-comem-2\/","title":{"rendered":"II Forma\u00e7\u00e3o de Educa\u00e7\u00e3o F\u00edsica e Sa\u00fade est\u00e1 com inscri\u00e7\u00f5es abertas e marca comemora\u00e7\u00f5es do CREF11\/MS em Dourados"},"content":{"rendered":"<p><main class=\"site-main post-1367 post type-post status-publish format-standard hentry category-noticias\" id=\"content\"><\/p>\n<div class=\"page-content\">\n<p class=\"wp-block-paragraph\">O Dia do Profissional de Educa\u00e7\u00e3o F\u00edsica, deste ano, ser\u00e1 comemorado com v\u00e1rias capacita\u00e7\u00f5es pelo CREF11\/MS, com a II Forma\u00e7\u00e3o de Educa\u00e7\u00e3o F\u00edsica e Sa\u00fade. Profissionais renomados de todo o pa\u00eds estar\u00e3o na Capital e em Dourados com os mais novos conhecimentos sobre diversas \u00e1reas de atua\u00e7\u00e3o do profissional.<\/p>\n<p class=\"wp-block-paragraph\">Em Dourados ser\u00e3o tr\u00eas dias de evento. O profissional adimplente com registro no Conselho e acad\u00eamicos, tem gratuidade em todo o evento. Fa\u00e7a j\u00e1 a sua inscri\u00e7\u00e3o: <a href=\"https:\/\/forms.gle\/dHuB6KB5Zu2no9nT7\" rel=\"noreferrer noopener\" target=\"_blank\">https:\/\/forms.gle\/dHuB6KB5Zu2no9nT7<\/a><\/p>\n<p class=\"wp-block-paragraph\">O evento conta com apoio da Unigran, CONFEF e CREF9\/PR.<\/p>\n<p class=\"wp-block-paragraph\"><strong>Programa\u00e7\u00e3o em Dourados:<\/strong><\/p>\n<p class=\"wp-block-paragraph\">31 DE AGOSTO \u2013 quinta-feira<br \/>Local: Audit\u00f3rio UNIGRAN Dourados<br \/>17h \u00e0s 19h \u2013 Cadastramento<br \/>19h \u00e0s 22h \u2013 Abertura: Entrega da Medalha do M\u00e9rito da Educa\u00e7\u00e3o F\u00edsica \u2013 Professor Jo\u00e3o Batista Campagnani Ferreira<\/p>\n<p class=\"wp-block-paragraph\">1 DE SETEMBRO \u2013 sexta-feira \u2013 8h \u00e0s 12h e 13h30 \u00e0s 17h30<br \/>CURSO 1: ATIVIDADES AQU\u00c1TICAS<br \/>Local: Piscina da UNIGRAN Dourados<br \/>HIDROGIN\u00c1STICA \u2013 TREINAMENTO E QUALIDADE DE VIDA<br \/>Ministrante: Prof. Dra. Yula Pires de Meneses<br \/>CREF 000013-G\/PI \u2013 CONFEF<\/p>\n<p class=\"wp-block-paragraph\">CURSO 2: EDUCA\u00c7\u00c3O F\u00cdSICA ESCOLAR E SA\u00daDE \u2013 Conte\u00fados de sucesso<br \/>Local: UNIGRAN Dourados<br \/>COMPONENTE CURRICULAR DE EDUCA\u00c7\u00c3O F\u00cdSICA NO \u00c2MBITO ESCOLAR: DIRECIONAMENTO \u00c0 EDUCA\u00c7\u00c3O EM SA\u00daDE<br \/>Ministrante: Prof. Dr. Dartagnan Pinto Guedes CREF 000870\/PR CREF9\/PR<\/p>\n<p class=\"wp-block-paragraph\">CURSO 3: \u00c1REA FITNESS E SUAS POSSIBILIDADES<br \/>Local: UNIGRAN Dourados<br \/>MASSAGEM ANTIESTRESSE UM RECURSO MANUAL PARA O BEM-ESTAR<br \/>Ministrante: Prof. Me. Andr\u00e9 Nessi CREF 2377\/SP S\u00c3O PAULO<\/p>\n<p class=\"wp-block-paragraph\">2 DE SETEMBRO \u2013 s\u00e1bado \u2013 8h \u00e0s 12h e 13h30 \u00e0s 17h30<\/p>\n<p class=\"wp-block-paragraph\">CURSO 1: ATIVIDADES AQU\u00c1TICAS<br \/>Local: Piscina da UNIGRAN Dourados<br \/>ATIVIDADES AQU\u00c1TICAS \u2013 NATA\u00c7\u00c3O E AQUAFUNCIONAL<br \/>Ministrante: Prof. Jil Alessandro Xavier CREF 002158\/MS<\/p>\n<p class=\"wp-block-paragraph\">CURSO 2: EDUCA\u00c7\u00c3O F\u00cdSICA ESCOLAR E SA\u00daDE \u2013 Conte\u00fados de sucesso<br \/>Local: UNIGRAN Dourados<br \/>SA\u00daDE E SEUS DETERMINANTES SOCIAIS NO CONTEXTO DA EDUCA\u00c7\u00c3O F\u00cdSICA ESCOLAR<br \/>Ministrante: Profa Ma. Jarina Gomes Gabilan Ramires CREF 003387\/MS \u2013 UNIGRAN e REME\/PMCG<\/p>\n<p class=\"wp-block-paragraph\">CURSO 3: \u00c1REA FITNESS E SUAS POSSIBILIDADES<br \/>Local: UNIGRAN Dourados<br \/>QUALIFICA\u00c7\u00c3O EM TREINAMENTO FUNCIONAL<br \/>Ministrantes:<br \/>Prof. Gabriel Lopes dos Santos Rodrigues CREF 011255\/MS<br \/>Prof. Esp. Cleyton dos Santos CREF 008740\/MS<br \/>Prof. Igor Anderson Gomes Ara\u00fajo CREF 006083\/MS<\/p>\n<figure class=\"wp-block-gallery has-nested-images columns-default is-cropped wp-block-gallery-1 is-layout-flex wp-block-gallery-is-layout-flex\">\n<figure class=\"wp-block-image size-large\"><img fetchpriority=\"high\" alt=\"\" class=\"wp-image-1354\" data-id=\"1354\" decoding=\"async\" height=\"1024\" src=\"https:\/\/nexloo.mx\/cref11\/wp-content\/uploads\/2026\/07\/WhatsApp-Image-2023-08-04-at-13.27.19-1024x1024-1.jpeg\" width=\"1024\"\/><\/figure>\n<figure class=\"wp-block-image size-large\"><img alt=\"\" class=\"wp-image-1353\" data-id=\"1353\" decoding=\"async\" height=\"1024\" src=\"https:\/\/nexloo.mx\/cref11\/wp-content\/uploads\/2026\/07\/WhatsApp-Image-2023-08-04-at-13.27.19-1-1024x1024-1.jpeg\" width=\"1024\"\/><\/figure>\n<figure class=\"wp-block-image size-large\"><img loading=\"lazy\" alt=\"\" class=\"wp-image-1356\" data-id=\"1356\" decoding=\"async\" height=\"1024\" loading=\"lazy\" src=\"https:\/\/nexloo.mx\/cref11\/wp-content\/uploads\/2026\/07\/WhatsApp-Image-2023-08-04-at-13.27.20-1024x1024-1.jpeg\" width=\"1024\"\/><\/figure>\n<figure class=\"wp-block-image size-large\"><img loading=\"lazy\" alt=\"\" class=\"wp-image-1355\" data-id=\"1355\" decoding=\"async\" height=\"1024\" loading=\"lazy\" src=\"https:\/\/nexloo.mx\/cref11\/wp-content\/uploads\/2026\/07\/WhatsApp-Image-2023-08-04-at-13.27.20-1-1024x1024-1.jpeg\" width=\"1024\"\/><\/figure>\n<figure class=\"wp-block-image size-large\"><img loading=\"lazy\" alt=\"\" class=\"wp-image-1357\" data-id=\"1357\" decoding=\"async\" height=\"1024\" loading=\"lazy\" src=\"https:\/\/nexloo.mx\/cref11\/wp-content\/uploads\/2026\/07\/WhatsApp-Image-2023-08-04-at-13.27.21-1024x1024-1.jpeg\" width=\"1024\"\/><\/figure>\n<\/figure>\n<div class=\"post-tags\">\n<\/div>\n<\/div>\n<p><!-- .comments-area --><br \/>\n<\/main><\/p>\n","protected":false},"excerpt":{"rendered":"<p>O Dia do Profissional de Educa\u00e7\u00e3o F\u00edsica, deste ano, ser\u00e1 comemorado com v\u00e1rias capacita\u00e7\u00f5es pelo CREF11\/MS, com a II Forma\u00e7\u00e3o de Educa\u00e7\u00e3o F\u00edsica e Sa\u00fade. Profissionais renomados de todo o pa\u00eds estar\u00e3o na Capital e em Dourados com os mais novos conhecimentos sobre diversas \u00e1reas de atua\u00e7\u00e3o do profissional. Em Dourados ser\u00e3o tr\u00eas dias de&#8230;<\/p>\n","protected":false},"author":1,"featured_media":10220,"comment_status":"open","ping_status":"open","sticky":false,"template":"","format":"standard","meta":{"site-sidebar-layout":"default","site-content-layout":"","ast-site-content-layout":"default","site-content-style":"default","site-sidebar-style":"default","ast-global-header-display":"","ast-banner-title-visibility":"","ast-main-header-display":"","ast-hfb-above-header-display":"","ast-hfb-below-header-display":"","ast-hfb-mobile-header-display":"","site-post-title":"","ast-breadcrumbs-content":"","ast-featured-img":"","footer-sml-layout":"","ast-disable-related-posts":"","theme-transparent-header-meta":"","adv-header-id-meta":"","stick-header-meta":"","header-above-stick-meta":"","header-main-stick-meta":"","header-below-stick-meta":"","astra-migrate-meta-layouts":"default","ast-page-background-enabled":"default","ast-page-background-meta":{"desktop":{"background-color":"var(--ast-global-color-5)","background-image":"","background-repeat":"repeat","background-position":"center center","background-size":"auto","background-attachment":"scroll","background-type":"","background-media":"","overlay-type":"","overlay-color":"","overlay-opacity":"","overlay-gradient":""},"tablet":{"background-color":"","background-image":"","background-repeat":"repeat","background-position":"center center","background-size":"auto","background-attachment":"scroll","background-type":"","background-media":"","overlay-type":"","overlay-color":"","overlay-opacity":"","overlay-gradient":""},"mobile":{"background-color":"","background-image":"","background-repeat":"repeat","background-position":"center center","background-size":"auto","background-attachment":"scroll","background-type":"","background-media":"","overlay-type":"","overlay-color":"","overlay-opacity":"","overlay-gradient":""}},"ast-content-background-meta":{"desktop":{"background-color":"var(--ast-global-color-4)","background-image":"","background-repeat":"repeat","background-position":"center center","background-size":"auto","background-attachment":"scroll","background-type":"","background-media":"","overlay-type":"","overlay-color":"","overlay-opacity":"","overlay-gradient":""},"tablet":{"background-color":"var(--ast-global-color-4)","background-image":"","background-repeat":"repeat","background-position":"center center","background-size":"auto","background-attachment":"scroll","background-type":"","background-media":"","overlay-type":"","overlay-color":"","overlay-opacity":"","overlay-gradient":""},"mobile":{"background-color":"var(--ast-global-color-4)","background-image":"","background-repeat":"repeat","background-position":"center center","background-size":"auto","background-attachment":"scroll","background-type":"","background-media":"","overlay-type":"","overlay-color":"","overlay-opacity":"","overlay-gradient":""}},"footnotes":""},"categories":[1],"tags":[],"class_list":["post-167","post","type-post","status-publish","format-standard","has-post-thumbnail","hentry","category-sem-categoria"],"_links":{"self":[{"href":"https:\/\/nexloo.mx\/cref11\/wp-json\/wp\/v2\/posts\/167","targetHints":{"allow":["GET"]}}],"collection":[{"href":"https:\/\/nexloo.mx\/cref11\/wp-json\/wp\/v2\/posts"}],"about":[{"href":"https:\/\/nexloo.mx\/cref11\/wp-json\/wp\/v2\/types\/post"}],"author":[{"embeddable":true,"href":"https:\/\/nexloo.mx\/cref11\/wp-json\/wp\/v2\/users\/1"}],"replies":[{"embeddable":true,"href":"https:\/\/nexloo.mx\/cref11\/wp-json\/wp\/v2\/comments?post=167"}],"version-history":[{"count":0,"href":"https:\/\/nexloo.mx\/cref11\/wp-json\/wp\/v2\/posts\/167\/revisions"}],"wp:featuredmedia":[{"embeddable":true,"href":"https:\/\/nexloo.mx\/cref11\/wp-json\/wp\/v2\/media\/10220"}],"wp:attachment":[{"href":"https:\/\/nexloo.mx\/cref11\/wp-json\/wp\/v2\/media?parent=167"}],"wp:term":[{"taxonomy":"category","embeddable":true,"href":"https:\/\/nexloo.mx\/cref11\/wp-json\/wp\/v2\/categories?post=167"},{"taxonomy":"post_tag","embeddable":true,"href":"https:\/\/nexloo.mx\/cref11\/wp-json\/wp\/v2\/tags?post=167"}],"curies":[{"name":"wp","href":"https:\/\/api.w.org\/{rel}","templated":true}]}}