{"id":168,"date":"2026-07-28T13:19:36","date_gmt":"2026-07-28T13:19:36","guid":{"rendered":"https:\/\/cref11.org.br\/cref11-ms-participa-de-acao-de-atendimento-a-populacao-na-vila-almeida\/"},"modified":"2026-07-28T13:19:36","modified_gmt":"2026-07-28T13:19:36","slug":"cref11ms-participa-de-acao-de-atendimento-a-populacao-na-vila-almeida","status":"publish","type":"post","link":"https:\/\/nexloo.mx\/cref11\/cref11ms-participa-de-acao-de-atendimento-a-populacao-na-vila-almeida\/","title":{"rendered":"CREF11\/MS participa de a\u00e7\u00e3o de atendimento \u00e0 popula\u00e7\u00e3o na Vila Almeida"},"content":{"rendered":"<p><main class=\"site-main post-1376 post type-post status-publish format-standard hentry category-noticias\" id=\"content\"><\/p>\n<div class=\"page-content\">\n<p class=\"wp-block-paragraph\">O CREF11\/MS participou, na manh\u00e3 deste s\u00e1bado (5), de uma a\u00e7\u00e3o de atendimento \u00e0 popula\u00e7\u00e3o, na Vila Almeida, em Campo Grande.<\/p>\n<p class=\"wp-block-paragraph\">Estiveram presentes o vice-presidente, Joni Guimar\u00e3es, o secret\u00e1rio, Marcos Freire Junior, o Conselheiro, Geovany Bisol, e acad\u00eamicos da Unigran. Eles deram orienta\u00e7\u00e3o sobre atividade f\u00edsica \u00e0 popula\u00e7\u00e3o.<\/p>\n<p class=\"wp-block-paragraph\">A a\u00e7\u00e3o foi organizada pelo Conselho de Farm\u00e1cia de MS, e teve o apoio do CREF11\/MS e diversas outras entidades que tamb\u00e9m ofereceram servi\u00e7os gratuitos.<\/p>\n<figure class=\"wp-block-image size-large\"><img fetchpriority=\"high\" alt=\"\" class=\"wp-image-1377\" decoding=\"async\" height=\"682\" src=\"https:\/\/nexloo.mx\/cref11\/wp-content\/uploads\/2026\/07\/WhatsApp-Image-2023-08-05-at-13.51.26-1024x682-1.jpeg\" width=\"1024\"\/><\/figure>\n<div class=\"post-tags\">\n<\/div>\n<\/div>\n<p><!-- .comments-area --><br \/>\n<\/main><\/p>\n","protected":false},"excerpt":{"rendered":"<p>O CREF11\/MS participou, na manh\u00e3 deste s\u00e1bado (5), de uma a\u00e7\u00e3o de atendimento \u00e0 popula\u00e7\u00e3o, na Vila Almeida, em Campo Grande. Estiveram presentes o vice-presidente, Joni Guimar\u00e3es, o secret\u00e1rio, Marcos Freire Junior, o Conselheiro, Geovany Bisol, e acad\u00eamicos da Unigran. Eles deram orienta\u00e7\u00e3o sobre atividade f\u00edsica \u00e0 popula\u00e7\u00e3o. A a\u00e7\u00e3o foi organizada pelo Conselho de&#8230;<\/p>\n","protected":false},"author":1,"featured_media":10225,"comment_status":"open","ping_status":"open","sticky":false,"template":"","format":"standard","meta":{"site-sidebar-layout":"default","site-content-layout":"","ast-site-content-layout":"default","site-content-style":"default","site-sidebar-style":"default","ast-global-header-display":"","ast-banner-title-visibility":"","ast-main-header-display":"","ast-hfb-above-header-display":"","ast-hfb-below-header-display":"","ast-hfb-mobile-header-display":"","site-post-title":"","ast-breadcrumbs-content":"","ast-featured-img":"","footer-sml-layout":"","ast-disable-related-posts":"","theme-transparent-header-meta":"","adv-header-id-meta":"","stick-header-meta":"","header-above-stick-meta":"","header-main-stick-meta":"","header-below-stick-meta":"","astra-migrate-meta-layouts":"default","ast-page-background-enabled":"default","ast-page-background-meta":{"desktop":{"background-color":"var(--ast-global-color-5)","background-image":"","background-repeat":"repeat","background-position":"center center","background-size":"auto","background-attachment":"scroll","background-type":"","background-media":"","overlay-type":"","overlay-color":"","overlay-opacity":"","overlay-gradient":""},"tablet":{"background-color":"","background-image":"","background-repeat":"repeat","background-position":"center center","background-size":"auto","background-attachment":"scroll","background-type":"","background-media":"","overlay-type":"","overlay-color":"","overlay-opacity":"","overlay-gradient":""},"mobile":{"background-color":"","background-image":"","background-repeat":"repeat","background-position":"center center","background-size":"auto","background-attachment":"scroll","background-type":"","background-media":"","overlay-type":"","overlay-color":"","overlay-opacity":"","overlay-gradient":""}},"ast-content-background-meta":{"desktop":{"background-color":"var(--ast-global-color-4)","background-image":"","background-repeat":"repeat","background-position":"center center","background-size":"auto","background-attachment":"scroll","background-type":"","background-media":"","overlay-type":"","overlay-color":"","overlay-opacity":"","overlay-gradient":""},"tablet":{"background-color":"var(--ast-global-color-4)","background-image":"","background-repeat":"repeat","background-position":"center center","background-size":"auto","background-attachment":"scroll","background-type":"","background-media":"","overlay-type":"","overlay-color":"","overlay-opacity":"","overlay-gradient":""},"mobile":{"background-color":"var(--ast-global-color-4)","background-image":"","background-repeat":"repeat","background-position":"center center","background-size":"auto","background-attachment":"scroll","background-type":"","background-media":"","overlay-type":"","overlay-color":"","overlay-opacity":"","overlay-gradient":""}},"footnotes":""},"categories":[1],"tags":[],"class_list":["post-168","post","type-post","status-publish","format-standard","has-post-thumbnail","hentry","category-sem-categoria"],"_links":{"self":[{"href":"https:\/\/nexloo.mx\/cref11\/wp-json\/wp\/v2\/posts\/168","targetHints":{"allow":["GET"]}}],"collection":[{"href":"https:\/\/nexloo.mx\/cref11\/wp-json\/wp\/v2\/posts"}],"about":[{"href":"https:\/\/nexloo.mx\/cref11\/wp-json\/wp\/v2\/types\/post"}],"author":[{"embeddable":true,"href":"https:\/\/nexloo.mx\/cref11\/wp-json\/wp\/v2\/users\/1"}],"replies":[{"embeddable":true,"href":"https:\/\/nexloo.mx\/cref11\/wp-json\/wp\/v2\/comments?post=168"}],"version-history":[{"count":0,"href":"https:\/\/nexloo.mx\/cref11\/wp-json\/wp\/v2\/posts\/168\/revisions"}],"wp:featuredmedia":[{"embeddable":true,"href":"https:\/\/nexloo.mx\/cref11\/wp-json\/wp\/v2\/media\/10225"}],"wp:attachment":[{"href":"https:\/\/nexloo.mx\/cref11\/wp-json\/wp\/v2\/media?parent=168"}],"wp:term":[{"taxonomy":"category","embeddable":true,"href":"https:\/\/nexloo.mx\/cref11\/wp-json\/wp\/v2\/categories?post=168"},{"taxonomy":"post_tag","embeddable":true,"href":"https:\/\/nexloo.mx\/cref11\/wp-json\/wp\/v2\/tags?post=168"}],"curies":[{"name":"wp","href":"https:\/\/api.w.org\/{rel}","templated":true}]}}