{"id":180,"date":"2026-07-28T13:19:36","date_gmt":"2026-07-28T13:19:36","guid":{"rendered":"https:\/\/cref11.org.br\/vice-presidente-do-cref11-ms-joni-guimaraes-participa-do-power-fit-cast\/"},"modified":"2026-07-28T13:19:36","modified_gmt":"2026-07-28T13:19:36","slug":"vice-presidente-do-cref11ms-joni-guimaraes-participa-do-power-fit-cast","status":"publish","type":"post","link":"https:\/\/nexloo.mx\/cref11\/vice-presidente-do-cref11ms-joni-guimaraes-participa-do-power-fit-cast\/","title":{"rendered":"Vice-presidente do CREF11\/MS, Joni Guimar\u00e3es, participa do Power Fit Cast"},"content":{"rendered":"<p><main class=\"site-main post-1427 post type-post status-publish format-standard hentry category-noticias\" id=\"content\"><\/p>\n<div class=\"page-content\">\n<p class=\"wp-block-paragraph\">Esteja por dentro de assuntos relacionados a sua profiss\u00e3o, profissional de Educa\u00e7\u00e3o F\u00edsica! Nesta quarta-feira (23), o vice-presidente que tamb\u00e9m \u00e9 presidente da C\u00e2mara de Fiscaliza\u00e7\u00e3o do CREF11\/MS, Joni Guimar\u00e3es, estar\u00e1 presente no Power Fit Cast com outros profissionais que s\u00e3o destaques na Educa\u00e7\u00e3o F\u00edsica. Participe!<\/p>\n<p class=\"wp-block-paragraph\">O Podcast ser\u00e1 \u00e0s 20h (hor\u00e1rio de MS) no canal do Youtube: <a data-id=\"www.youtube.com\/@PowerFitCast\" data-type=\"link\" href=\"http:\/\/www.youtube.com\/@PowerFitCast\" target=\"_blank\" rel=\"noopener\">www.youtube.com\/@PowerFitCast<\/a><\/p>\n<figure class=\"wp-block-image size-large\"><img fetchpriority=\"high\" alt=\"\" class=\"wp-image-1428\" decoding=\"async\" height=\"1024\" src=\"https:\/\/nexloo.mx\/cref11\/wp-content\/uploads\/2026\/07\/WhatsApp-Image-2023-08-21-at-09.08.19-736x1024-1.jpeg\" width=\"736\"\/><\/figure>\n<div class=\"post-tags\">\n<\/div>\n<\/div>\n<p><!-- .comments-area --><br \/>\n<\/main><\/p>\n","protected":false},"excerpt":{"rendered":"<p>Esteja por dentro de assuntos relacionados a sua profiss\u00e3o, profissional de Educa\u00e7\u00e3o F\u00edsica! Nesta quarta-feira (23), o vice-presidente que tamb\u00e9m \u00e9 presidente da C\u00e2mara de Fiscaliza\u00e7\u00e3o do CREF11\/MS, Joni Guimar\u00e3es, estar\u00e1 presente no Power Fit Cast com outros profissionais que s\u00e3o destaques na Educa\u00e7\u00e3o F\u00edsica. Participe! O Podcast ser\u00e1 \u00e0s 20h (hor\u00e1rio de MS) no&#8230;<\/p>\n","protected":false},"author":1,"featured_media":10237,"comment_status":"open","ping_status":"open","sticky":false,"template":"","format":"standard","meta":{"site-sidebar-layout":"default","site-content-layout":"","ast-site-content-layout":"default","site-content-style":"default","site-sidebar-style":"default","ast-global-header-display":"","ast-banner-title-visibility":"","ast-main-header-display":"","ast-hfb-above-header-display":"","ast-hfb-below-header-display":"","ast-hfb-mobile-header-display":"","site-post-title":"","ast-breadcrumbs-content":"","ast-featured-img":"","footer-sml-layout":"","ast-disable-related-posts":"","theme-transparent-header-meta":"","adv-header-id-meta":"","stick-header-meta":"","header-above-stick-meta":"","header-main-stick-meta":"","header-below-stick-meta":"","astra-migrate-meta-layouts":"default","ast-page-background-enabled":"default","ast-page-background-meta":{"desktop":{"background-color":"var(--ast-global-color-5)","background-image":"","background-repeat":"repeat","background-position":"center center","background-size":"auto","background-attachment":"scroll","background-type":"","background-media":"","overlay-type":"","overlay-color":"","overlay-opacity":"","overlay-gradient":""},"tablet":{"background-color":"","background-image":"","background-repeat":"repeat","background-position":"center center","background-size":"auto","background-attachment":"scroll","background-type":"","background-media":"","overlay-type":"","overlay-color":"","overlay-opacity":"","overlay-gradient":""},"mobile":{"background-color":"","background-image":"","background-repeat":"repeat","background-position":"center center","background-size":"auto","background-attachment":"scroll","background-type":"","background-media":"","overlay-type":"","overlay-color":"","overlay-opacity":"","overlay-gradient":""}},"ast-content-background-meta":{"desktop":{"background-color":"var(--ast-global-color-4)","background-image":"","background-repeat":"repeat","background-position":"center center","background-size":"auto","background-attachment":"scroll","background-type":"","background-media":"","overlay-type":"","overlay-color":"","overlay-opacity":"","overlay-gradient":""},"tablet":{"background-color":"var(--ast-global-color-4)","background-image":"","background-repeat":"repeat","background-position":"center center","background-size":"auto","background-attachment":"scroll","background-type":"","background-media":"","overlay-type":"","overlay-color":"","overlay-opacity":"","overlay-gradient":""},"mobile":{"background-color":"var(--ast-global-color-4)","background-image":"","background-repeat":"repeat","background-position":"center center","background-size":"auto","background-attachment":"scroll","background-type":"","background-media":"","overlay-type":"","overlay-color":"","overlay-opacity":"","overlay-gradient":""}},"footnotes":""},"categories":[1],"tags":[],"class_list":["post-180","post","type-post","status-publish","format-standard","has-post-thumbnail","hentry","category-sem-categoria"],"_links":{"self":[{"href":"https:\/\/nexloo.mx\/cref11\/wp-json\/wp\/v2\/posts\/180","targetHints":{"allow":["GET"]}}],"collection":[{"href":"https:\/\/nexloo.mx\/cref11\/wp-json\/wp\/v2\/posts"}],"about":[{"href":"https:\/\/nexloo.mx\/cref11\/wp-json\/wp\/v2\/types\/post"}],"author":[{"embeddable":true,"href":"https:\/\/nexloo.mx\/cref11\/wp-json\/wp\/v2\/users\/1"}],"replies":[{"embeddable":true,"href":"https:\/\/nexloo.mx\/cref11\/wp-json\/wp\/v2\/comments?post=180"}],"version-history":[{"count":0,"href":"https:\/\/nexloo.mx\/cref11\/wp-json\/wp\/v2\/posts\/180\/revisions"}],"wp:featuredmedia":[{"embeddable":true,"href":"https:\/\/nexloo.mx\/cref11\/wp-json\/wp\/v2\/media\/10237"}],"wp:attachment":[{"href":"https:\/\/nexloo.mx\/cref11\/wp-json\/wp\/v2\/media?parent=180"}],"wp:term":[{"taxonomy":"category","embeddable":true,"href":"https:\/\/nexloo.mx\/cref11\/wp-json\/wp\/v2\/categories?post=180"},{"taxonomy":"post_tag","embeddable":true,"href":"https:\/\/nexloo.mx\/cref11\/wp-json\/wp\/v2\/tags?post=180"}],"curies":[{"name":"wp","href":"https:\/\/api.w.org\/{rel}","templated":true}]}}