{"id":181,"date":"2026-07-28T13:19:36","date_gmt":"2026-07-28T13:19:36","guid":{"rendered":"https:\/\/cref11.org.br\/dono-de-academia-de-campo-grande-e-condenado-a-quatro-anos-por-apresentar-diploma-falso-no-cref11-ms\/"},"modified":"2026-07-28T13:19:36","modified_gmt":"2026-07-28T13:19:36","slug":"dono-de-academia-de-campo-grande-e-condenado-a-quatro-anos-por-apresentar-diplom","status":"publish","type":"post","link":"https:\/\/nexloo.mx\/cref11\/dono-de-academia-de-campo-grande-e-condenado-a-quatro-anos-por-apresentar-diplom\/","title":{"rendered":"Dono de academia de Campo Grande \u00e9 condenado a quatro anos por apresentar diploma falso no CREF11\/MS"},"content":{"rendered":"<p><main class=\"site-main post-1430 post type-post status-publish format-standard hentry category-sem-categoria\" id=\"content\"><\/p>\n<div class=\"page-content\">\n<p class=\"wp-block-paragraph\">A 3\u00aa Vara Federal de Campo Grande condenou, a quatro anos e sete meses de reclus\u00e3o, em regime semiaberto, o dono de uma academia na Capital por usar diploma, hist\u00f3rico acad\u00eamico e declara\u00e7\u00e3o de conclus\u00e3o de curso falsos, da Universidade Federal Fluminense (UFF), do Rio de Janeiro. O acusado tentou renovar registro no Conselho Regional da 11\u00aa Regi\u00e3o \u2013 Mato Grosso do Sul, em 2019. A decis\u00e3o foi tomada pelo Juiz Bruno Cezar da Cunha Teixeira que imp\u00f4s ainda multa ao acusado.<\/p>\n<p class=\"wp-block-paragraph\">O falso profissional utilizou os documentos falsos em 2014 para obter o registro no CREF11\/MS. Na \u00e9poca o Conselho concedeu a identidade profissional por n\u00e3o existir uma pr\u00e9via verifica\u00e7\u00e3o da autenticidade das informa\u00e7\u00f5es. Em 2019, o dono da academia tentou renovar o registro e ent\u00e3o foi constatada a fraude. Sendo assim o Conselho abriu procedimento administrativo, cancelou o registro profissional e realizou den\u00fancia ao Minist\u00e9rio P\u00fablico Federal.<\/p>\n<p class=\"wp-block-paragraph\">Em interrogat\u00f3rio realizado na sede da Pol\u00edcia Federal, o acusado disse ter come\u00e7ado o curso em 2012, mas que s\u00f3 estudou por volta de um ano e seis meses e que solicitou em 2014, a transfer\u00eancia do curso para outra institui\u00e7\u00e3o de ensino por motivos de dist\u00e2ncia. Durante o julgamento, a defesa alegou que o falso profissional n\u00e3o tinha conhecimento sobre a inautenticidade dos documentos e que s\u00f3 tinha o objetivo de estudar para trabalhar.<\/p>\n<p class=\"wp-block-paragraph\">O Juiz Bruno Cezar da Cunha Teixeira relatou que diversas provas, como a entrega dos documentos falsos, of\u00edcio da UFF e do CREF11\/MS comprovaram a autoria do crime: \u201cO acusado recebeu um diploma emitido pela Universidade Federal Fluminense, que jamais cursou. Esse fato por si s\u00f3 demonstra que a conduta foi praticada num contexto de absoluta compreens\u00e3o (e compreensibilidade) do il\u00edcito, o que afasta qualquer tese de erro. Nessa esteira, as alega\u00e7\u00f5es defensivas no sentido de que o acusado n\u00e3o sabia da falsidade documental mostram-se absolutamente inveross\u00edmeis\u201d.<\/p>\n<p class=\"wp-block-paragraph\">\u201cO pente fino come\u00e7ou. O falso profissional tem que aprender que entregar diploma falso a um \u00f3rg\u00e3o federal n\u00e3o \u00e9 uma coisa que vai ficar por isso mesmo. Essa pr\u00e1tica \u00e9 crime e resulta em puni\u00e7\u00f5es severas que j\u00e1 come\u00e7aram acontecer\u201d, destaca o vice-presidente, que tamb\u00e9m \u00e9 presidente da C\u00e2mara de Fiscaliza\u00e7\u00e3o do CREF11\/MS, Joni Guimar\u00e3es.<\/p>\n<div class=\"post-tags\">\n<\/div>\n<\/div>\n<p><!-- .comments-area --><br \/>\n<\/main><\/p>\n","protected":false},"excerpt":{"rendered":"<p>A 3\u00aa Vara Federal de Campo Grande condenou, a quatro anos e sete meses de reclus\u00e3o, em regime semiaberto, o dono de uma academia na Capital por usar diploma, hist\u00f3rico acad\u00eamico e declara\u00e7\u00e3o de conclus\u00e3o de curso falsos, da Universidade Federal Fluminense (UFF), do Rio de Janeiro. O acusado tentou renovar registro no Conselho Regional&#8230;<\/p>\n","protected":false},"author":1,"featured_media":9999,"comment_status":"open","ping_status":"open","sticky":false,"template":"","format":"standard","meta":{"site-sidebar-layout":"default","site-content-layout":"","ast-site-content-layout":"default","site-content-style":"default","site-sidebar-style":"default","ast-global-header-display":"","ast-banner-title-visibility":"","ast-main-header-display":"","ast-hfb-above-header-display":"","ast-hfb-below-header-display":"","ast-hfb-mobile-header-display":"","site-post-title":"","ast-breadcrumbs-content":"","ast-featured-img":"","footer-sml-layout":"","ast-disable-related-posts":"","theme-transparent-header-meta":"","adv-header-id-meta":"","stick-header-meta":"","header-above-stick-meta":"","header-main-stick-meta":"","header-below-stick-meta":"","astra-migrate-meta-layouts":"default","ast-page-background-enabled":"default","ast-page-background-meta":{"desktop":{"background-color":"var(--ast-global-color-5)","background-image":"","background-repeat":"repeat","background-position":"center center","background-size":"auto","background-attachment":"scroll","background-type":"","background-media":"","overlay-type":"","overlay-color":"","overlay-opacity":"","overlay-gradient":""},"tablet":{"background-color":"","background-image":"","background-repeat":"repeat","background-position":"center center","background-size":"auto","background-attachment":"scroll","background-type":"","background-media":"","overlay-type":"","overlay-color":"","overlay-opacity":"","overlay-gradient":""},"mobile":{"background-color":"","background-image":"","background-repeat":"repeat","background-position":"center center","background-size":"auto","background-attachment":"scroll","background-type":"","background-media":"","overlay-type":"","overlay-color":"","overlay-opacity":"","overlay-gradient":""}},"ast-content-background-meta":{"desktop":{"background-color":"var(--ast-global-color-4)","background-image":"","background-repeat":"repeat","background-position":"center center","background-size":"auto","background-attachment":"scroll","background-type":"","background-media":"","overlay-type":"","overlay-color":"","overlay-opacity":"","overlay-gradient":""},"tablet":{"background-color":"var(--ast-global-color-4)","background-image":"","background-repeat":"repeat","background-position":"center center","background-size":"auto","background-attachment":"scroll","background-type":"","background-media":"","overlay-type":"","overlay-color":"","overlay-opacity":"","overlay-gradient":""},"mobile":{"background-color":"var(--ast-global-color-4)","background-image":"","background-repeat":"repeat","background-position":"center center","background-size":"auto","background-attachment":"scroll","background-type":"","background-media":"","overlay-type":"","overlay-color":"","overlay-opacity":"","overlay-gradient":""}},"footnotes":""},"categories":[1],"tags":[],"class_list":["post-181","post","type-post","status-publish","format-standard","has-post-thumbnail","hentry","category-sem-categoria"],"_links":{"self":[{"href":"https:\/\/nexloo.mx\/cref11\/wp-json\/wp\/v2\/posts\/181","targetHints":{"allow":["GET"]}}],"collection":[{"href":"https:\/\/nexloo.mx\/cref11\/wp-json\/wp\/v2\/posts"}],"about":[{"href":"https:\/\/nexloo.mx\/cref11\/wp-json\/wp\/v2\/types\/post"}],"author":[{"embeddable":true,"href":"https:\/\/nexloo.mx\/cref11\/wp-json\/wp\/v2\/users\/1"}],"replies":[{"embeddable":true,"href":"https:\/\/nexloo.mx\/cref11\/wp-json\/wp\/v2\/comments?post=181"}],"version-history":[{"count":0,"href":"https:\/\/nexloo.mx\/cref11\/wp-json\/wp\/v2\/posts\/181\/revisions"}],"wp:featuredmedia":[{"embeddable":true,"href":"https:\/\/nexloo.mx\/cref11\/wp-json\/wp\/v2\/media\/9999"}],"wp:attachment":[{"href":"https:\/\/nexloo.mx\/cref11\/wp-json\/wp\/v2\/media?parent=181"}],"wp:term":[{"taxonomy":"category","embeddable":true,"href":"https:\/\/nexloo.mx\/cref11\/wp-json\/wp\/v2\/categories?post=181"},{"taxonomy":"post_tag","embeddable":true,"href":"https:\/\/nexloo.mx\/cref11\/wp-json\/wp\/v2\/tags?post=181"}],"curies":[{"name":"wp","href":"https:\/\/api.w.org\/{rel}","templated":true}]}}