{"id":182,"date":"2026-07-28T13:19:36","date_gmt":"2026-07-28T13:19:36","guid":{"rendered":"https:\/\/cref11.org.br\/na-abertura-do-enac-cref11-ms-entrega-medalha-do-merito-de-educacao-fisica-professor-joao-batista-campagnani-ferreira-2023\/"},"modified":"2026-07-28T13:19:36","modified_gmt":"2026-07-28T13:19:36","slug":"na-abertura-do-enac-cref11ms-entrega-medalha-do-merito-de-educacao-fisica-profes","status":"publish","type":"post","link":"https:\/\/nexloo.mx\/cref11\/na-abertura-do-enac-cref11ms-entrega-medalha-do-merito-de-educacao-fisica-profes\/","title":{"rendered":"Na abertura do ENAC, CREF11\/MS entrega \u201cMedalha do M\u00e9rito de Educa\u00e7\u00e3o F\u00edsica \u2013 Professor Jo\u00e3o Batista Campagnani Ferreira 2023\u201d"},"content":{"rendered":"<p><main class=\"site-main post-1449 post type-post status-publish format-standard hentry category-sem-categoria\" id=\"content\"><\/p>\n<div class=\"page-content\">\n<p class=\"wp-block-paragraph\">Come\u00e7ou, na noite desta quinta-feira (25), o Encontro Nacional dos Conselhos Regionais de Educa\u00e7\u00e3o F\u00edsica em Mato Grosso do Sul (ENAC), organizado pelo CREF11\/MS. Compuseram a mesa de abertura, a presidente do CREF11\/MS, Eliana de Mattos Carvalho, o diretor-presidente da Funda\u00e7\u00e3o de Desporto e Lazer (Fundesporte), Herculano Borges, o senador Nelson Trad Filho e o presidente do CREF4\/SP, Prof. Esp. Nelson Leme da Silva Junior.<\/p>\n<p class=\"wp-block-paragraph\">Na abertura do Encontro, a presidente do CREF11\/MS entregou a \u201cMedalha do M\u00e9rito de Educa\u00e7\u00e3o F\u00edsica \u2013 Professor Jo\u00e3o Batista Campagnani Ferreira 2023\u201d ao senador Nelson Trad Filho e ao diretor-presidente da Funda\u00e7\u00e3o de Desporto e Lazer (Fundesporte), Herculano Borges, em homenagem ao Dia do Profissional de Educa\u00e7\u00e3o F\u00edsica e pelos relevantes servi\u00e7os prestados a comunidade.<\/p>\n<p class=\"wp-block-paragraph\">Al\u00e9m disso, foi realizada a palestra \u201cAs perspectivas de mercado e atua\u00e7\u00e3o profissional no segmento de academias\u201d, mediada pelo 1\u00ba Vice-presidente do CREF11\/MS, Prof. Esp. Joni Guimar\u00e3es de Oliveira, e ministrada pelo presidente da ACAD BRASIL, Prof. Esp. Ailton Mendes da Silva.<\/p>\n<p class=\"wp-block-paragraph\">O evento re\u00fane representantes da Educa\u00e7\u00e3o F\u00edsica de todo o Brasil com o objetivo de discutir sobre os impactos da Lei Geral do Esporte (LGE \u2013 LEI N\u00ba 14.597) sancionada em junho deste ano. O Encontro segue at\u00e9 s\u00e1bado (26).<\/p>\n<figure class=\"wp-block-gallery has-nested-images columns-default is-cropped wp-block-gallery-1 is-layout-flex wp-block-gallery-is-layout-flex\">\n<figure class=\"wp-block-image size-large\"><img fetchpriority=\"high\" alt=\"\" class=\"wp-image-1450\" data-id=\"1450\" decoding=\"async\" height=\"682\" src=\"https:\/\/nexloo.mx\/cref11\/wp-content\/uploads\/2026\/07\/WhatsApp-Image-2023-08-24-at-22.48.27-1024x682-1.jpeg\" width=\"1024\"\/><\/figure>\n<figure class=\"wp-block-image size-large\"><img alt=\"\" class=\"wp-image-1451\" data-id=\"1451\" decoding=\"async\" height=\"682\" src=\"https:\/\/nexloo.mx\/cref11\/wp-content\/uploads\/2026\/07\/WhatsApp-Image-2023-08-24-at-22.48.28-1-1024x682-1.jpeg\" width=\"1024\"\/><\/figure>\n<figure class=\"wp-block-image size-large\"><img loading=\"lazy\" alt=\"\" class=\"wp-image-1452\" data-id=\"1452\" decoding=\"async\" height=\"682\" loading=\"lazy\" src=\"https:\/\/nexloo.mx\/cref11\/wp-content\/uploads\/2026\/07\/WhatsApp-Image-2023-08-24-at-22.48.28-1024x682-1.jpeg\" width=\"1024\"\/><\/figure>\n<figure class=\"wp-block-image size-large\"><img loading=\"lazy\" alt=\"\" class=\"wp-image-1453\" data-id=\"1453\" decoding=\"async\" height=\"682\" loading=\"lazy\" src=\"https:\/\/nexloo.mx\/cref11\/wp-content\/uploads\/2026\/07\/WhatsApp-Image-2023-08-24-at-22.48.29-1-1024x682-1.jpeg\" width=\"1024\"\/><\/figure>\n<figure class=\"wp-block-image size-large\"><img loading=\"lazy\" alt=\"\" class=\"wp-image-1454\" data-id=\"1454\" decoding=\"async\" height=\"682\" loading=\"lazy\" src=\"https:\/\/nexloo.mx\/cref11\/wp-content\/uploads\/2026\/07\/WhatsApp-Image-2023-08-24-at-22.48.29-1024x682-1.jpeg\" width=\"1024\"\/><\/figure>\n<figure class=\"wp-block-image size-large\"><img loading=\"lazy\" alt=\"\" class=\"wp-image-1455\" data-id=\"1455\" decoding=\"async\" height=\"682\" loading=\"lazy\" src=\"https:\/\/nexloo.mx\/cref11\/wp-content\/uploads\/2026\/07\/WhatsApp-Image-2023-08-24-at-22.48.30-1-1024x682-1.jpeg\" width=\"1024\"\/><\/figure>\n<figure class=\"wp-block-image size-large\"><img loading=\"lazy\" alt=\"\" class=\"wp-image-1456\" data-id=\"1456\" decoding=\"async\" height=\"682\" loading=\"lazy\" src=\"https:\/\/nexloo.mx\/cref11\/wp-content\/uploads\/2026\/07\/WhatsApp-Image-2023-08-24-at-22.48.30-1024x682-1.jpeg\" width=\"1024\"\/><\/figure>\n<figure class=\"wp-block-image size-large\"><img loading=\"lazy\" alt=\"\" class=\"wp-image-1457\" data-id=\"1457\" decoding=\"async\" height=\"682\" loading=\"lazy\" src=\"https:\/\/nexloo.mx\/cref11\/wp-content\/uploads\/2026\/07\/WhatsApp-Image-2023-08-24-at-22.48.31-1-1024x682-1.jpeg\" width=\"1024\"\/><\/figure>\n<figure class=\"wp-block-image size-large\"><img loading=\"lazy\" alt=\"\" class=\"wp-image-1458\" data-id=\"1458\" decoding=\"async\" height=\"682\" loading=\"lazy\" src=\"https:\/\/nexloo.mx\/cref11\/wp-content\/uploads\/2026\/07\/WhatsApp-Image-2023-08-24-at-22.48.31-1024x682-1.jpeg\" width=\"1024\"\/><\/figure>\n<figure class=\"wp-block-image size-large\"><img loading=\"lazy\" alt=\"\" class=\"wp-image-1459\" data-id=\"1459\" decoding=\"async\" height=\"660\" loading=\"lazy\" src=\"https:\/\/nexloo.mx\/cref11\/wp-content\/uploads\/2026\/07\/WhatsApp-Image-2023-08-24-at-22.48.33-1024x660-1.jpeg\" width=\"1024\"\/><\/figure>\n<\/figure>\n<div class=\"post-tags\">\n<\/div>\n<\/div>\n<p><!-- .comments-area --><br \/>\n<\/main><\/p>\n","protected":false},"excerpt":{"rendered":"<p>Come\u00e7ou, na noite desta quinta-feira (25), o Encontro Nacional dos Conselhos Regionais de Educa\u00e7\u00e3o F\u00edsica em Mato Grosso do Sul (ENAC), organizado pelo CREF11\/MS. Compuseram a mesa de abertura, a presidente do CREF11\/MS, Eliana de Mattos Carvalho, o diretor-presidente da Funda\u00e7\u00e3o de Desporto e Lazer (Fundesporte), Herculano Borges, o senador Nelson Trad Filho e o&#8230;<\/p>\n","protected":false},"author":1,"featured_media":10238,"comment_status":"open","ping_status":"open","sticky":false,"template":"","format":"standard","meta":{"site-sidebar-layout":"default","site-content-layout":"","ast-site-content-layout":"default","site-content-style":"default","site-sidebar-style":"default","ast-global-header-display":"","ast-banner-title-visibility":"","ast-main-header-display":"","ast-hfb-above-header-display":"","ast-hfb-below-header-display":"","ast-hfb-mobile-header-display":"","site-post-title":"","ast-breadcrumbs-content":"","ast-featured-img":"","footer-sml-layout":"","ast-disable-related-posts":"","theme-transparent-header-meta":"","adv-header-id-meta":"","stick-header-meta":"","header-above-stick-meta":"","header-main-stick-meta":"","header-below-stick-meta":"","astra-migrate-meta-layouts":"default","ast-page-background-enabled":"default","ast-page-background-meta":{"desktop":{"background-color":"var(--ast-global-color-5)","background-image":"","background-repeat":"repeat","background-position":"center center","background-size":"auto","background-attachment":"scroll","background-type":"","background-media":"","overlay-type":"","overlay-color":"","overlay-opacity":"","overlay-gradient":""},"tablet":{"background-color":"","background-image":"","background-repeat":"repeat","background-position":"center center","background-size":"auto","background-attachment":"scroll","background-type":"","background-media":"","overlay-type":"","overlay-color":"","overlay-opacity":"","overlay-gradient":""},"mobile":{"background-color":"","background-image":"","background-repeat":"repeat","background-position":"center center","background-size":"auto","background-attachment":"scroll","background-type":"","background-media":"","overlay-type":"","overlay-color":"","overlay-opacity":"","overlay-gradient":""}},"ast-content-background-meta":{"desktop":{"background-color":"var(--ast-global-color-4)","background-image":"","background-repeat":"repeat","background-position":"center center","background-size":"auto","background-attachment":"scroll","background-type":"","background-media":"","overlay-type":"","overlay-color":"","overlay-opacity":"","overlay-gradient":""},"tablet":{"background-color":"var(--ast-global-color-4)","background-image":"","background-repeat":"repeat","background-position":"center center","background-size":"auto","background-attachment":"scroll","background-type":"","background-media":"","overlay-type":"","overlay-color":"","overlay-opacity":"","overlay-gradient":""},"mobile":{"background-color":"var(--ast-global-color-4)","background-image":"","background-repeat":"repeat","background-position":"center center","background-size":"auto","background-attachment":"scroll","background-type":"","background-media":"","overlay-type":"","overlay-color":"","overlay-opacity":"","overlay-gradient":""}},"footnotes":""},"categories":[1],"tags":[],"class_list":["post-182","post","type-post","status-publish","format-standard","has-post-thumbnail","hentry","category-sem-categoria"],"_links":{"self":[{"href":"https:\/\/nexloo.mx\/cref11\/wp-json\/wp\/v2\/posts\/182","targetHints":{"allow":["GET"]}}],"collection":[{"href":"https:\/\/nexloo.mx\/cref11\/wp-json\/wp\/v2\/posts"}],"about":[{"href":"https:\/\/nexloo.mx\/cref11\/wp-json\/wp\/v2\/types\/post"}],"author":[{"embeddable":true,"href":"https:\/\/nexloo.mx\/cref11\/wp-json\/wp\/v2\/users\/1"}],"replies":[{"embeddable":true,"href":"https:\/\/nexloo.mx\/cref11\/wp-json\/wp\/v2\/comments?post=182"}],"version-history":[{"count":0,"href":"https:\/\/nexloo.mx\/cref11\/wp-json\/wp\/v2\/posts\/182\/revisions"}],"wp:featuredmedia":[{"embeddable":true,"href":"https:\/\/nexloo.mx\/cref11\/wp-json\/wp\/v2\/media\/10238"}],"wp:attachment":[{"href":"https:\/\/nexloo.mx\/cref11\/wp-json\/wp\/v2\/media?parent=182"}],"wp:term":[{"taxonomy":"category","embeddable":true,"href":"https:\/\/nexloo.mx\/cref11\/wp-json\/wp\/v2\/categories?post=182"},{"taxonomy":"post_tag","embeddable":true,"href":"https:\/\/nexloo.mx\/cref11\/wp-json\/wp\/v2\/tags?post=182"}],"curies":[{"name":"wp","href":"https:\/\/api.w.org\/{rel}","templated":true}]}}