{"id":184,"date":"2026-07-28T13:19:36","date_gmt":"2026-07-28T13:19:36","guid":{"rendered":"https:\/\/cref11.org.br\/cref11-ms-finaliza-segundo-dia-do-enac\/"},"modified":"2026-07-28T13:19:36","modified_gmt":"2026-07-28T13:19:36","slug":"cref11ms-finaliza-segundo-dia-do-enac","status":"publish","type":"post","link":"https:\/\/nexloo.mx\/cref11\/cref11ms-finaliza-segundo-dia-do-enac\/","title":{"rendered":"CREF11\/MS finaliza segundo dia do ENAC"},"content":{"rendered":"<p><main class=\"site-main post-1473 post type-post status-publish format-standard hentry category-sem-categoria\" id=\"content\"><\/p>\n<div class=\"page-content\">\n<p class=\"wp-block-paragraph\">O CREF11\/MS finalizou, nesta sexta-feira (25), o segundo dia do Encontro Nacional dos Conselhos Regionais de Educa\u00e7\u00e3o F\u00edsica (ENAC), em Mato Grosso do Sul.<\/p>\n<p class=\"wp-block-paragraph\">No in\u00edcio da tarde, os representantes da Educa\u00e7\u00e3o F\u00edsica assistiram a palestra \u201cAtua\u00e7\u00e3o do Profissional de Educa\u00e7\u00e3o F\u00edsica no SUS\u201d, ministrada pela delegada do CREF9\/PR, Prof\u00aa. Mda. Cl\u00e1udia Heller Cunha Guimar\u00e3es, pela superintendente de Aten\u00e7\u00e3o Prim\u00e1ria \u00e0 Sa\u00fade da Secretaria de Estado de Sa\u00fade (SES) de MS, Karine Cavalcante da Costa, e pelo profissional de Educa\u00e7\u00e3o F\u00edsica e preceptor da resid\u00eancia multiprofissional da Secretaria Municipal de Sa\u00fade (SESAU) de Campo Grande, Julio Cesar de Souza. A palestra foi mediada pelo conselheiro do CREF11\/MS, Porto Vanderlei.<\/p>\n<p class=\"wp-block-paragraph\">Al\u00e9m disso, foi entregue \u00e0s representantes da SES, Karine da Costa e Maria Aparecida de Almeida Cruz, um documento que ser\u00e1 direcionado ao secret\u00e1rio de Estado de Sa\u00fade, Sandro Benites. O documento \u201cExposic\u0327a\u0303o de motivos que dispo\u0303e sobre a integrac\u0327a\u0303o do profissional de Educac\u0327a\u0303o Fi\u0301sica na carreira, cargo e remunerac\u0327a\u0303o do quadro da Secretaria do Estado de Sau\u0301de de Mato Grosso do Sul\u201d, foi elaborado em conjunto com a parte t\u00e9cnica do CREF11\/MS, representada pelo conselheiro Porto Vanderlei e pelo profissional de Educa\u00e7\u00e3o F\u00edsica, Thiago Teixeira Pereira, que hoje \u00e9 contratado da SES. A inten\u00e7\u00e3o \u00e9 que seja criado de fato cargo efetivo de carreira ao Profissional de EF no quadro da Secretaria Estadual de Sa\u00fade, tanto no atendimento quanto na gest\u00e3o.<\/p>\n<p class=\"wp-block-paragraph\">O CREF11\/MS destaca que o profissional de Educa\u00e7\u00e3o F\u00edsica possui forma\u00e7\u00e3o para intervir em contextos hospitalares, em n\u00edveis de aten\u00e7\u00e3o prim\u00e1ria, secund\u00e1ria e\/ou terci\u00e1ria em sa\u00fade, dentro da estrutura hierarquizada preconizada pelo Minist\u00e9rio da Sa\u00fade e considerando o SUS.<\/p>\n<p class=\"wp-block-paragraph\">Ao final da tarde, foi mediada a palestra pelo conselheiro do CREF11\/MS, Prof. Ddo. Geovany Bisol, \u201cOs impactos da LGE na profiss\u00e3o de Educa\u00e7\u00e3o F\u00edsica\u201d, ministrada pelo presidente do CREF13\/BA, Prof. Esp. Rog\u00e9rio Jean Moura Gon\u00e7alves.<\/p>\n<figure class=\"wp-block-gallery has-nested-images columns-default is-cropped wp-block-gallery-1 is-layout-flex wp-block-gallery-is-layout-flex\">\n<figure class=\"wp-block-image size-large\"><img fetchpriority=\"high\" alt=\"\" class=\"wp-image-1475\" data-id=\"1475\" decoding=\"async\" height=\"682\" src=\"https:\/\/nexloo.mx\/cref11\/wp-content\/uploads\/2026\/07\/WhatsApp-Image-2023-08-25-at-21.27.03-1024x682-1.jpeg\" width=\"1024\"\/><\/figure>\n<figure class=\"wp-block-image size-large\"><img alt=\"\" class=\"wp-image-1474\" data-id=\"1474\" decoding=\"async\" height=\"682\" src=\"https:\/\/nexloo.mx\/cref11\/wp-content\/uploads\/2026\/07\/WhatsApp-Image-2023-08-25-at-21.27.04-1-1024x682-1.jpeg\" width=\"1024\"\/><\/figure>\n<figure class=\"wp-block-image size-large\"><img loading=\"lazy\" alt=\"\" class=\"wp-image-1477\" data-id=\"1477\" decoding=\"async\" height=\"682\" loading=\"lazy\" src=\"https:\/\/nexloo.mx\/cref11\/wp-content\/uploads\/2026\/07\/WhatsApp-Image-2023-08-25-at-21.27.04-1024x682-1.jpeg\" width=\"1024\"\/><\/figure>\n<figure class=\"wp-block-image size-large\"><img loading=\"lazy\" alt=\"\" class=\"wp-image-1476\" data-id=\"1476\" decoding=\"async\" height=\"682\" loading=\"lazy\" src=\"https:\/\/nexloo.mx\/cref11\/wp-content\/uploads\/2026\/07\/WhatsApp-Image-2023-08-25-at-21.27.05-1-1024x682-1.jpeg\" width=\"1024\"\/><\/figure>\n<figure class=\"wp-block-image size-large\"><img loading=\"lazy\" alt=\"\" class=\"wp-image-1479\" data-id=\"1479\" decoding=\"async\" height=\"682\" loading=\"lazy\" src=\"https:\/\/nexloo.mx\/cref11\/wp-content\/uploads\/2026\/07\/WhatsApp-Image-2023-08-25-at-21.27.05-2-1024x682-1.jpeg\" width=\"1024\"\/><\/figure>\n<figure class=\"wp-block-image size-large\"><img loading=\"lazy\" alt=\"\" class=\"wp-image-1478\" data-id=\"1478\" decoding=\"async\" height=\"682\" loading=\"lazy\" src=\"https:\/\/nexloo.mx\/cref11\/wp-content\/uploads\/2026\/07\/WhatsApp-Image-2023-08-25-at-21.27.05-1024x682-1.jpeg\" width=\"1024\"\/><\/figure>\n<figure class=\"wp-block-image size-large\"><img loading=\"lazy\" alt=\"\" class=\"wp-image-1481\" data-id=\"1481\" decoding=\"async\" height=\"682\" loading=\"lazy\" src=\"https:\/\/nexloo.mx\/cref11\/wp-content\/uploads\/2026\/07\/WhatsApp-Image-2023-08-25-at-21.27.06-1-1024x682-1.jpeg\" width=\"1024\"\/><\/figure>\n<figure class=\"wp-block-image size-large\"><img loading=\"lazy\" alt=\"\" class=\"wp-image-1480\" data-id=\"1480\" decoding=\"async\" height=\"768\" loading=\"lazy\" src=\"https:\/\/nexloo.mx\/cref11\/wp-content\/uploads\/2026\/07\/WhatsApp-Image-2023-08-25-at-21.27.06-2-1024x768-1.jpeg\" width=\"1024\"\/><\/figure>\n<figure class=\"wp-block-image size-large\"><img loading=\"lazy\" alt=\"\" class=\"wp-image-1483\" data-id=\"1483\" decoding=\"async\" height=\"682\" loading=\"lazy\" src=\"https:\/\/nexloo.mx\/cref11\/wp-content\/uploads\/2026\/07\/WhatsApp-Image-2023-08-25-at-21.27.06-1024x682-1.jpeg\" width=\"1024\"\/><\/figure>\n<figure class=\"wp-block-image size-large\"><img loading=\"lazy\" alt=\"\" class=\"wp-image-1482\" data-id=\"1482\" decoding=\"async\" height=\"684\" loading=\"lazy\" src=\"https:\/\/nexloo.mx\/cref11\/wp-content\/uploads\/2026\/07\/WhatsApp-Image-2023-08-25-at-21.27.07-1024x684-1.jpeg\" width=\"1024\"\/><\/figure>\n<\/figure>\n<div class=\"post-tags\">\n<\/div>\n<\/div>\n<p><!-- .comments-area --><br \/>\n<\/main><\/p>\n","protected":false},"excerpt":{"rendered":"<p>O CREF11\/MS finalizou, nesta sexta-feira (25), o segundo dia do Encontro Nacional dos Conselhos Regionais de Educa\u00e7\u00e3o F\u00edsica (ENAC), em Mato Grosso do Sul. No in\u00edcio da tarde, os representantes da Educa\u00e7\u00e3o F\u00edsica assistiram a palestra \u201cAtua\u00e7\u00e3o do Profissional de Educa\u00e7\u00e3o F\u00edsica no SUS\u201d, ministrada pela delegada do CREF9\/PR, Prof\u00aa. Mda. Cl\u00e1udia Heller Cunha Guimar\u00e3es,&#8230;<\/p>\n","protected":false},"author":1,"featured_media":10258,"comment_status":"open","ping_status":"open","sticky":false,"template":"","format":"standard","meta":{"site-sidebar-layout":"default","site-content-layout":"","ast-site-content-layout":"default","site-content-style":"default","site-sidebar-style":"default","ast-global-header-display":"","ast-banner-title-visibility":"","ast-main-header-display":"","ast-hfb-above-header-display":"","ast-hfb-below-header-display":"","ast-hfb-mobile-header-display":"","site-post-title":"","ast-breadcrumbs-content":"","ast-featured-img":"","footer-sml-layout":"","ast-disable-related-posts":"","theme-transparent-header-meta":"","adv-header-id-meta":"","stick-header-meta":"","header-above-stick-meta":"","header-main-stick-meta":"","header-below-stick-meta":"","astra-migrate-meta-layouts":"default","ast-page-background-enabled":"default","ast-page-background-meta":{"desktop":{"background-color":"var(--ast-global-color-5)","background-image":"","background-repeat":"repeat","background-position":"center center","background-size":"auto","background-attachment":"scroll","background-type":"","background-media":"","overlay-type":"","overlay-color":"","overlay-opacity":"","overlay-gradient":""},"tablet":{"background-color":"","background-image":"","background-repeat":"repeat","background-position":"center center","background-size":"auto","background-attachment":"scroll","background-type":"","background-media":"","overlay-type":"","overlay-color":"","overlay-opacity":"","overlay-gradient":""},"mobile":{"background-color":"","background-image":"","background-repeat":"repeat","background-position":"center center","background-size":"auto","background-attachment":"scroll","background-type":"","background-media":"","overlay-type":"","overlay-color":"","overlay-opacity":"","overlay-gradient":""}},"ast-content-background-meta":{"desktop":{"background-color":"var(--ast-global-color-4)","background-image":"","background-repeat":"repeat","background-position":"center center","background-size":"auto","background-attachment":"scroll","background-type":"","background-media":"","overlay-type":"","overlay-color":"","overlay-opacity":"","overlay-gradient":""},"tablet":{"background-color":"var(--ast-global-color-4)","background-image":"","background-repeat":"repeat","background-position":"center center","background-size":"auto","background-attachment":"scroll","background-type":"","background-media":"","overlay-type":"","overlay-color":"","overlay-opacity":"","overlay-gradient":""},"mobile":{"background-color":"var(--ast-global-color-4)","background-image":"","background-repeat":"repeat","background-position":"center center","background-size":"auto","background-attachment":"scroll","background-type":"","background-media":"","overlay-type":"","overlay-color":"","overlay-opacity":"","overlay-gradient":""}},"footnotes":""},"categories":[1],"tags":[],"class_list":["post-184","post","type-post","status-publish","format-standard","has-post-thumbnail","hentry","category-sem-categoria"],"_links":{"self":[{"href":"https:\/\/nexloo.mx\/cref11\/wp-json\/wp\/v2\/posts\/184","targetHints":{"allow":["GET"]}}],"collection":[{"href":"https:\/\/nexloo.mx\/cref11\/wp-json\/wp\/v2\/posts"}],"about":[{"href":"https:\/\/nexloo.mx\/cref11\/wp-json\/wp\/v2\/types\/post"}],"author":[{"embeddable":true,"href":"https:\/\/nexloo.mx\/cref11\/wp-json\/wp\/v2\/users\/1"}],"replies":[{"embeddable":true,"href":"https:\/\/nexloo.mx\/cref11\/wp-json\/wp\/v2\/comments?post=184"}],"version-history":[{"count":0,"href":"https:\/\/nexloo.mx\/cref11\/wp-json\/wp\/v2\/posts\/184\/revisions"}],"wp:featuredmedia":[{"embeddable":true,"href":"https:\/\/nexloo.mx\/cref11\/wp-json\/wp\/v2\/media\/10258"}],"wp:attachment":[{"href":"https:\/\/nexloo.mx\/cref11\/wp-json\/wp\/v2\/media?parent=184"}],"wp:term":[{"taxonomy":"category","embeddable":true,"href":"https:\/\/nexloo.mx\/cref11\/wp-json\/wp\/v2\/categories?post=184"},{"taxonomy":"post_tag","embeddable":true,"href":"https:\/\/nexloo.mx\/cref11\/wp-json\/wp\/v2\/tags?post=184"}],"curies":[{"name":"wp","href":"https:\/\/api.w.org\/{rel}","templated":true}]}}