{"id":189,"date":"2026-07-28T13:19:36","date_gmt":"2026-07-28T13:19:36","guid":{"rendered":"https:\/\/cref11.org.br\/cref11-ms-inicia-comemoracoes-pelo-dia-do-profissional-de-ed-fisica-em-dourados-com-entrega-da-medalha-do-merito-da-ed-fisica-e-capacitacoes-profissionais\/"},"modified":"2026-07-28T13:19:36","modified_gmt":"2026-07-28T13:19:36","slug":"cref11ms-inicia-comemoracoes-pelo-dia-do-profissional-de-ed-fisica-em-dourados-c","status":"publish","type":"post","link":"https:\/\/nexloo.mx\/cref11\/cref11ms-inicia-comemoracoes-pelo-dia-do-profissional-de-ed-fisica-em-dourados-c\/","title":{"rendered":"CREF11\/MS inicia comemora\u00e7\u00f5es pelo Dia do Profissional de Ed. F\u00edsica em Dourados com entrega da Medalha do M\u00e9rito da Ed. F\u00edsica e capacita\u00e7\u00f5es profissionais"},"content":{"rendered":"<p><main class=\"site-main post-1526 post type-post status-publish format-standard hentry category-sem-categoria\" id=\"content\"><\/p>\n<div class=\"page-content\">\n<p class=\"wp-block-paragraph\">O CREF11\/MS iniciou nessa quinta-feira (11), a II Forma\u00e7\u00e3o de Educa\u00e7\u00e3o F\u00edsica e Sa\u00fade, em Dourados. O evento contou com a entrega da \u201cMedalha do M\u00e9rito de Educa\u00e7\u00e3o F\u00edsica \u2013 Professor Jo\u00e3o Batista Campagnani Ferreira 2023\u201d, em homenagem ao Dia do Profissional de Educa\u00e7\u00e3o F\u00edsica \u00e0 pessoas que prestaram relevantes servi\u00e7os \u00e0 comunidade.<\/p>\n<p class=\"wp-block-paragraph\">Nesta sexta-feira (1), Dia do Profissional de Educa\u00e7\u00e3o F\u00edsica, os acad\u00eamicos e profissionais participaram do curso \u201cComponente Curricular de Educa\u00e7\u00e3o F\u00edsica no \u00e2mbito Escolar: Direcionamento \u00e0 Educa\u00e7\u00e3o em Sa\u00fade\u201d, com o Prof. Dr. Dartagnan Pinto Guedes, \u201cHidrogin\u00e1stica \u2013 Treinamento e Qualidade de Vida\u201c, ministrado pela Prof. Dra. Yula Pires de Meneses, e \u201c Massagem Antiestresse um recurso manual para o bem estar\u201d, com Prof. Me. Andr\u00e9 Nessi.<\/p>\n<p class=\"wp-block-paragraph\">A II Forma\u00e7\u00e3o de Educa\u00e7\u00e3o F\u00edsica e Sa\u00fade em Dourados segue at\u00e9 este s\u00e1bado, 2 de setembro.<\/p>\n<p class=\"wp-block-paragraph\">??\u200d??O evento conta com apoio da Unigran, CONFEF, CREF9\/PR e CREF4\/SP.<\/p>\n<figure class=\"wp-block-gallery has-nested-images columns-default is-cropped wp-block-gallery-1 is-layout-flex wp-block-gallery-is-layout-flex\">\n<figure class=\"wp-block-image size-large\"><img fetchpriority=\"high\" alt=\"\" class=\"wp-image-1544\" data-id=\"1544\" decoding=\"async\" height=\"1024\" src=\"https:\/\/nexloo.mx\/cref11\/wp-content\/uploads\/2026\/07\/43-1-1024x1024-1.png\" width=\"1024\"\/><\/figure>\n<figure class=\"wp-block-image size-large\"><img alt=\"\" class=\"wp-image-1543\" data-id=\"1543\" decoding=\"async\" height=\"1024\" src=\"https:\/\/nexloo.mx\/cref11\/wp-content\/uploads\/2026\/07\/44-1024x1024-1.png\" width=\"1024\"\/><\/figure>\n<figure class=\"wp-block-image size-large\"><img loading=\"lazy\" alt=\"\" class=\"wp-image-1541\" data-id=\"1541\" decoding=\"async\" height=\"1024\" loading=\"lazy\" src=\"https:\/\/nexloo.mx\/cref11\/wp-content\/uploads\/2026\/07\/45-1024x1024-1.png\" width=\"1024\"\/><\/figure>\n<figure class=\"wp-block-image size-large\"><img loading=\"lazy\" alt=\"\" class=\"wp-image-1542\" data-id=\"1542\" decoding=\"async\" height=\"1024\" loading=\"lazy\" src=\"https:\/\/nexloo.mx\/cref11\/wp-content\/uploads\/2026\/07\/46-1024x1024-1.png\" width=\"1024\"\/><\/figure>\n<figure class=\"wp-block-image size-large\"><img loading=\"lazy\" alt=\"\" class=\"wp-image-1545\" data-id=\"1545\" decoding=\"async\" height=\"1024\" loading=\"lazy\" src=\"https:\/\/nexloo.mx\/cref11\/wp-content\/uploads\/2026\/07\/47-1024x1024-1.png\" width=\"1024\"\/><\/figure>\n<figure class=\"wp-block-image size-large\"><img loading=\"lazy\" alt=\"\" class=\"wp-image-1546\" data-id=\"1546\" decoding=\"async\" height=\"1024\" loading=\"lazy\" src=\"https:\/\/nexloo.mx\/cref11\/wp-content\/uploads\/2026\/07\/48-1024x1024-1.png\" width=\"1024\"\/><\/figure>\n<figure class=\"wp-block-image\"><img alt=\"\" decoding=\"async\" src=\"blob:https:\/\/cref11.org.br\/eb9e441d-f4bd-4b5a-ad4b-a0151fa6de6c\"\/><\/figure>\n<figure class=\"wp-block-image\"><img alt=\"\" decoding=\"async\" src=\"blob:https:\/\/cref11.org.br\/6b56c7bd-dff4-4052-9cc1-3573f000b6f0\"\/><\/figure>\n<figure class=\"wp-block-image\"><img alt=\"\" decoding=\"async\" src=\"blob:https:\/\/cref11.org.br\/b3890b09-6e2f-4b19-8469-47d4e281a7c5\"\/><\/figure>\n<\/figure>\n<div class=\"post-tags\">\n<\/div>\n<\/div>\n<p><!-- .comments-area --><br \/>\n<\/main><\/p>\n","protected":false},"excerpt":{"rendered":"<p>O CREF11\/MS iniciou nessa quinta-feira (11), a II Forma\u00e7\u00e3o de Educa\u00e7\u00e3o F\u00edsica e Sa\u00fade, em Dourados. O evento contou com a entrega da \u201cMedalha do M\u00e9rito de Educa\u00e7\u00e3o F\u00edsica \u2013 Professor Jo\u00e3o Batista Campagnani Ferreira 2023\u201d, em homenagem ao Dia do Profissional de Educa\u00e7\u00e3o F\u00edsica \u00e0 pessoas que prestaram relevantes servi\u00e7os \u00e0 comunidade. Nesta sexta-feira&#8230;<\/p>\n","protected":false},"author":1,"featured_media":10300,"comment_status":"open","ping_status":"open","sticky":false,"template":"","format":"standard","meta":{"site-sidebar-layout":"default","site-content-layout":"","ast-site-content-layout":"default","site-content-style":"default","site-sidebar-style":"default","ast-global-header-display":"","ast-banner-title-visibility":"","ast-main-header-display":"","ast-hfb-above-header-display":"","ast-hfb-below-header-display":"","ast-hfb-mobile-header-display":"","site-post-title":"","ast-breadcrumbs-content":"","ast-featured-img":"","footer-sml-layout":"","ast-disable-related-posts":"","theme-transparent-header-meta":"","adv-header-id-meta":"","stick-header-meta":"","header-above-stick-meta":"","header-main-stick-meta":"","header-below-stick-meta":"","astra-migrate-meta-layouts":"default","ast-page-background-enabled":"default","ast-page-background-meta":{"desktop":{"background-color":"var(--ast-global-color-5)","background-image":"","background-repeat":"repeat","background-position":"center center","background-size":"auto","background-attachment":"scroll","background-type":"","background-media":"","overlay-type":"","overlay-color":"","overlay-opacity":"","overlay-gradient":""},"tablet":{"background-color":"","background-image":"","background-repeat":"repeat","background-position":"center center","background-size":"auto","background-attachment":"scroll","background-type":"","background-media":"","overlay-type":"","overlay-color":"","overlay-opacity":"","overlay-gradient":""},"mobile":{"background-color":"","background-image":"","background-repeat":"repeat","background-position":"center center","background-size":"auto","background-attachment":"scroll","background-type":"","background-media":"","overlay-type":"","overlay-color":"","overlay-opacity":"","overlay-gradient":""}},"ast-content-background-meta":{"desktop":{"background-color":"var(--ast-global-color-4)","background-image":"","background-repeat":"repeat","background-position":"center center","background-size":"auto","background-attachment":"scroll","background-type":"","background-media":"","overlay-type":"","overlay-color":"","overlay-opacity":"","overlay-gradient":""},"tablet":{"background-color":"var(--ast-global-color-4)","background-image":"","background-repeat":"repeat","background-position":"center center","background-size":"auto","background-attachment":"scroll","background-type":"","background-media":"","overlay-type":"","overlay-color":"","overlay-opacity":"","overlay-gradient":""},"mobile":{"background-color":"var(--ast-global-color-4)","background-image":"","background-repeat":"repeat","background-position":"center center","background-size":"auto","background-attachment":"scroll","background-type":"","background-media":"","overlay-type":"","overlay-color":"","overlay-opacity":"","overlay-gradient":""}},"footnotes":""},"categories":[1],"tags":[],"class_list":["post-189","post","type-post","status-publish","format-standard","has-post-thumbnail","hentry","category-sem-categoria"],"_links":{"self":[{"href":"https:\/\/nexloo.mx\/cref11\/wp-json\/wp\/v2\/posts\/189","targetHints":{"allow":["GET"]}}],"collection":[{"href":"https:\/\/nexloo.mx\/cref11\/wp-json\/wp\/v2\/posts"}],"about":[{"href":"https:\/\/nexloo.mx\/cref11\/wp-json\/wp\/v2\/types\/post"}],"author":[{"embeddable":true,"href":"https:\/\/nexloo.mx\/cref11\/wp-json\/wp\/v2\/users\/1"}],"replies":[{"embeddable":true,"href":"https:\/\/nexloo.mx\/cref11\/wp-json\/wp\/v2\/comments?post=189"}],"version-history":[{"count":0,"href":"https:\/\/nexloo.mx\/cref11\/wp-json\/wp\/v2\/posts\/189\/revisions"}],"wp:featuredmedia":[{"embeddable":true,"href":"https:\/\/nexloo.mx\/cref11\/wp-json\/wp\/v2\/media\/10300"}],"wp:attachment":[{"href":"https:\/\/nexloo.mx\/cref11\/wp-json\/wp\/v2\/media?parent=189"}],"wp:term":[{"taxonomy":"category","embeddable":true,"href":"https:\/\/nexloo.mx\/cref11\/wp-json\/wp\/v2\/categories?post=189"},{"taxonomy":"post_tag","embeddable":true,"href":"https:\/\/nexloo.mx\/cref11\/wp-json\/wp\/v2\/tags?post=189"}],"curies":[{"name":"wp","href":"https:\/\/api.w.org\/{rel}","templated":true}]}}