{"id":195,"date":"2026-07-28T13:19:36","date_gmt":"2026-07-28T13:19:36","guid":{"rendered":"https:\/\/cref11.org.br\/presidente-do-cref11-ms-e-homenageada-no-enac-rio-grande-do-sul\/"},"modified":"2026-07-28T13:19:36","modified_gmt":"2026-07-28T13:19:36","slug":"presidente-do-cref11ms-e-homenageada-no-enac-rio-grande-do-sul","status":"publish","type":"post","link":"https:\/\/nexloo.mx\/cref11\/presidente-do-cref11ms-e-homenageada-no-enac-rio-grande-do-sul\/","title":{"rendered":"Presidente do CREF11\/MS \u00e9 homenageada no ENAC Rio Grande do Sul"},"content":{"rendered":"<p><main class=\"site-main post-1564 post type-post status-publish format-standard hentry category-sem-categoria\" id=\"content\"><\/p>\n<div class=\"page-content\">\n<p class=\"wp-block-paragraph\">A presidente do CREF11\/MS, Eliana de Mattos Carvalho, e os presidentes dos CREFs foram homenageados nessa quinta-feira (7), durante a abertura do Encontro Nacional dos Conselhos Regionais de Educa\u00e7\u00e3o F\u00edsica do Rio Grande do Sul. Eliana recebeu a honraria por seu relevante trabalho \u00e0 frente do Conselho e na Educa\u00e7\u00e3o F\u00edsica.<\/p>\n<p class=\"wp-block-paragraph\">O evento promovido pelo Conselho Regional da 2\u00aa Regi\u00e3o (CREF2\/RS), segue at\u00e9 esta sexta-feira (8), e re\u00fane representantes da Educa\u00e7\u00e3o F\u00edsica do pa\u00eds para discutir sobre a Lei Geral do Esporte, gest\u00e3o p\u00fablica do esporte, locais de atua\u00e7\u00e3o do profissional de Educa\u00e7\u00e3o F\u00edsica e a\u00e7\u00f5es dos conselhos.<\/p>\n<figure class=\"wp-block-image size-large\"><img fetchpriority=\"high\" alt=\"\" class=\"wp-image-1565\" decoding=\"async\" height=\"1024\" src=\"https:\/\/nexloo.mx\/cref11\/wp-content\/uploads\/2026\/07\/107-1024x1024-1.png\" width=\"1024\"\/><\/figure>\n<div class=\"post-tags\">\n<\/div>\n<\/div>\n<p><!-- .comments-area --><br \/>\n<\/main><\/p>\n","protected":false},"excerpt":{"rendered":"<p>A presidente do CREF11\/MS, Eliana de Mattos Carvalho, e os presidentes dos CREFs foram homenageados nessa quinta-feira (7), durante a abertura do Encontro Nacional dos Conselhos Regionais de Educa\u00e7\u00e3o F\u00edsica do Rio Grande do Sul. Eliana recebeu a honraria por seu relevante trabalho \u00e0 frente do Conselho e na Educa\u00e7\u00e3o F\u00edsica. O evento promovido pelo&#8230;<\/p>\n","protected":false},"author":1,"featured_media":10320,"comment_status":"open","ping_status":"open","sticky":false,"template":"","format":"standard","meta":{"site-sidebar-layout":"default","site-content-layout":"","ast-site-content-layout":"default","site-content-style":"default","site-sidebar-style":"default","ast-global-header-display":"","ast-banner-title-visibility":"","ast-main-header-display":"","ast-hfb-above-header-display":"","ast-hfb-below-header-display":"","ast-hfb-mobile-header-display":"","site-post-title":"","ast-breadcrumbs-content":"","ast-featured-img":"","footer-sml-layout":"","ast-disable-related-posts":"","theme-transparent-header-meta":"","adv-header-id-meta":"","stick-header-meta":"","header-above-stick-meta":"","header-main-stick-meta":"","header-below-stick-meta":"","astra-migrate-meta-layouts":"default","ast-page-background-enabled":"default","ast-page-background-meta":{"desktop":{"background-color":"var(--ast-global-color-5)","background-image":"","background-repeat":"repeat","background-position":"center center","background-size":"auto","background-attachment":"scroll","background-type":"","background-media":"","overlay-type":"","overlay-color":"","overlay-opacity":"","overlay-gradient":""},"tablet":{"background-color":"","background-image":"","background-repeat":"repeat","background-position":"center center","background-size":"auto","background-attachment":"scroll","background-type":"","background-media":"","overlay-type":"","overlay-color":"","overlay-opacity":"","overlay-gradient":""},"mobile":{"background-color":"","background-image":"","background-repeat":"repeat","background-position":"center center","background-size":"auto","background-attachment":"scroll","background-type":"","background-media":"","overlay-type":"","overlay-color":"","overlay-opacity":"","overlay-gradient":""}},"ast-content-background-meta":{"desktop":{"background-color":"var(--ast-global-color-4)","background-image":"","background-repeat":"repeat","background-position":"center center","background-size":"auto","background-attachment":"scroll","background-type":"","background-media":"","overlay-type":"","overlay-color":"","overlay-opacity":"","overlay-gradient":""},"tablet":{"background-color":"var(--ast-global-color-4)","background-image":"","background-repeat":"repeat","background-position":"center center","background-size":"auto","background-attachment":"scroll","background-type":"","background-media":"","overlay-type":"","overlay-color":"","overlay-opacity":"","overlay-gradient":""},"mobile":{"background-color":"var(--ast-global-color-4)","background-image":"","background-repeat":"repeat","background-position":"center center","background-size":"auto","background-attachment":"scroll","background-type":"","background-media":"","overlay-type":"","overlay-color":"","overlay-opacity":"","overlay-gradient":""}},"footnotes":""},"categories":[1],"tags":[],"class_list":["post-195","post","type-post","status-publish","format-standard","has-post-thumbnail","hentry","category-sem-categoria"],"_links":{"self":[{"href":"https:\/\/nexloo.mx\/cref11\/wp-json\/wp\/v2\/posts\/195","targetHints":{"allow":["GET"]}}],"collection":[{"href":"https:\/\/nexloo.mx\/cref11\/wp-json\/wp\/v2\/posts"}],"about":[{"href":"https:\/\/nexloo.mx\/cref11\/wp-json\/wp\/v2\/types\/post"}],"author":[{"embeddable":true,"href":"https:\/\/nexloo.mx\/cref11\/wp-json\/wp\/v2\/users\/1"}],"replies":[{"embeddable":true,"href":"https:\/\/nexloo.mx\/cref11\/wp-json\/wp\/v2\/comments?post=195"}],"version-history":[{"count":0,"href":"https:\/\/nexloo.mx\/cref11\/wp-json\/wp\/v2\/posts\/195\/revisions"}],"wp:featuredmedia":[{"embeddable":true,"href":"https:\/\/nexloo.mx\/cref11\/wp-json\/wp\/v2\/media\/10320"}],"wp:attachment":[{"href":"https:\/\/nexloo.mx\/cref11\/wp-json\/wp\/v2\/media?parent=195"}],"wp:term":[{"taxonomy":"category","embeddable":true,"href":"https:\/\/nexloo.mx\/cref11\/wp-json\/wp\/v2\/categories?post=195"},{"taxonomy":"post_tag","embeddable":true,"href":"https:\/\/nexloo.mx\/cref11\/wp-json\/wp\/v2\/tags?post=195"}],"curies":[{"name":"wp","href":"https:\/\/api.w.org\/{rel}","templated":true}]}}