{"id":200,"date":"2026-07-28T13:19:36","date_gmt":"2026-07-28T13:19:36","guid":{"rendered":"https:\/\/cref11.org.br\/cref11-ms-nas-midias-acao-do-cref11-ms-e-procon-ms-interdita-academia-clandestina-em-campo-grande\/"},"modified":"2026-07-28T13:19:36","modified_gmt":"2026-07-28T13:19:36","slug":"cref11ms-nas-midias-acao-do-cref11ms-e-proconms-interdita-academia-clandestina-e","status":"publish","type":"post","link":"https:\/\/nexloo.mx\/cref11\/cref11ms-nas-midias-acao-do-cref11ms-e-proconms-interdita-academia-clandestina-e\/","title":{"rendered":"CREF11\/MS nas M\u00eddias: A\u00e7\u00e3o do CREF11\/MS e Procon\/MS interdita academia clandestina em Campo Grande"},"content":{"rendered":"<p><main class=\"site-main post-1594 post type-post status-publish format-standard hentry category-sem-categoria\" id=\"content\"><\/p>\n<div class=\"page-content\">\n<p class=\"wp-block-paragraph\">A a\u00e7\u00e3o conjunta do CREF11\/MS e Procon\/MS que interditou uma academia clandestina em Campo Grande, na manh\u00e3 desta quarta-feira (13), repercutiu em diversos ve\u00edculos de comunica\u00e7\u00e3o.<\/p>\n<p class=\"wp-block-paragraph\">O local que funcionava dentro de um centro comunit\u00e1rio, no Bairro Ot\u00e1vio P\u00e9cora, n\u00e3o tinha registro no CREF11\/MS, alvar\u00e1 sanit\u00e1rio e documenta\u00e7\u00e3o da prefeitura para funcionamento. Al\u00e9m disso, apresentava condi\u00e7\u00f5es insalubres para a pr\u00e1tica de atividade f\u00edsica, com materiais e equipamentos prec\u00e1rios e n\u00e3o tinha profissional habilitado para dar aulas de muscula\u00e7\u00e3o, que \u00e9 um profissional de Educa\u00e7\u00e3o F\u00edsica, com bacharelado. A pessoa respons\u00e1vel pelo local \u00e9 formada em Educa\u00e7\u00e3o F\u00edsica, com licenciatura, o que permite apenas aulas em escolas.<\/p>\n<p class=\"wp-block-paragraph\">Mesmo funcionando em centro comunit\u00e1rio e de forma irregular, ainda era cobrada mensalidade dos alunos.<\/p>\n<p class=\"wp-block-paragraph\">O local agora segue interditado para funcionamento at\u00e9 que sejam sanadas todas as irregularidades encontradas.<\/p>\n<p class=\"wp-block-paragraph\">\u201cO profissional licenciado, tem habilita\u00e7\u00e3o apenas para atuar em escolas, n\u00e3o t\u00eam capacidade t\u00e9cnica para trabalhar em academias\u201d, relatou o vice-presidente do Conselho, Joni Guimar\u00e3es, em uma das mat\u00e9rias.<\/p>\n<p class=\"wp-block-paragraph\">Confira as mat\u00e9rias completas:<br \/>\u2013<a href=\"https:\/\/primeirapagina.com.br\/seguranca\/academia-montada-em-centro-comunitario-e-fechada-em-campo-grande\/\" target=\"_blank\" rel=\"noopener\">https:\/\/primeirapagina.com.br\/seguranca\/academia-montada-em-centro-comunitario-e-fechada-em-campo-grande\/<\/a><br \/>\u2013<a href=\"https:\/\/idest.com.br\/policial\/academia-clandestina-e-interditada-pelo-procon-em-campo-grande\" target=\"_blank\" rel=\"noopener\">https:\/\/idest.com.br\/policial\/academia-clandestina-e-interditada-pelo-procon-em-campo-grande<\/a><br \/>\u2013<a href=\"https:\/\/oestadoonline.com.br\/cotidiano\/procon-interdita-academia-clandestina-em-centro-comunitario-na-capital\/\" target=\"_blank\" rel=\"noopener\">https:\/\/oestadoonline.com.br\/cotidiano\/procon-interdita-academia-clandestina-em-centro-comunitario-na-capital\/<\/a><br \/>\u2013<a href=\"https:\/\/www.diariodigital.com.br\/policia-2\/academia-e-interditada-por-funcionar-de-forma-irregular-na-capital\" target=\"_blank\" rel=\"noopener\">https:\/\/www.diariodigital.com.br\/policia-2\/academia-e-interditada-por-funcionar-de-forma-irregular-na-capital<\/a><br \/>\u2013<a href=\"https:\/\/www.campograndenews.com.br\/cidades\/capital\/academia-clandestina-e-interditada-pelo-procon-no-bairro-octavio-pecora\" target=\"_blank\" rel=\"noopener\">https:\/\/www.campograndenews.com.br\/cidades\/capital\/academia-clandestina-e-interditada-pelo-procon-no-bairro-octavio-pecora<\/a><br \/>\u2013<a href=\"https:\/\/midiamax.uol.com.br\/policia\/2023\/academia-clandestina-montada-em-centro-comunitario-e-interditada-em-campo-grande\/\" target=\"_blank\" rel=\"noopener\">https:\/\/midiamax.uol.com.br\/policia\/2023\/academia-clandestina-montada-em-centro-comunitario-e-interditada-em-campo-grande\/<\/a><\/p>\n<figure class=\"wp-block-image size-full\"><img fetchpriority=\"high\" alt=\"\" class=\"wp-image-1595\" decoding=\"async\" height=\"800\" src=\"https:\/\/nexloo.mx\/cref11\/wp-content\/uploads\/2026\/07\/CREF11-NA-MIDIA-6.png\" width=\"800\"\/><\/figure>\n<div class=\"post-tags\">\n<\/div>\n<\/div>\n<p><!-- .comments-area --><br \/>\n<\/main><\/p>\n","protected":false},"excerpt":{"rendered":"<p>A a\u00e7\u00e3o conjunta do CREF11\/MS e Procon\/MS que interditou uma academia clandestina em Campo Grande, na manh\u00e3 desta quarta-feira (13), repercutiu em diversos ve\u00edculos de comunica\u00e7\u00e3o. O local que funcionava dentro de um centro comunit\u00e1rio, no Bairro Ot\u00e1vio P\u00e9cora, n\u00e3o tinha registro no CREF11\/MS, alvar\u00e1 sanit\u00e1rio e documenta\u00e7\u00e3o da prefeitura para funcionamento. Al\u00e9m disso, apresentava&#8230;<\/p>\n","protected":false},"author":1,"featured_media":10338,"comment_status":"open","ping_status":"open","sticky":false,"template":"","format":"standard","meta":{"site-sidebar-layout":"default","site-content-layout":"","ast-site-content-layout":"default","site-content-style":"default","site-sidebar-style":"default","ast-global-header-display":"","ast-banner-title-visibility":"","ast-main-header-display":"","ast-hfb-above-header-display":"","ast-hfb-below-header-display":"","ast-hfb-mobile-header-display":"","site-post-title":"","ast-breadcrumbs-content":"","ast-featured-img":"","footer-sml-layout":"","ast-disable-related-posts":"","theme-transparent-header-meta":"","adv-header-id-meta":"","stick-header-meta":"","header-above-stick-meta":"","header-main-stick-meta":"","header-below-stick-meta":"","astra-migrate-meta-layouts":"default","ast-page-background-enabled":"default","ast-page-background-meta":{"desktop":{"background-color":"var(--ast-global-color-5)","background-image":"","background-repeat":"repeat","background-position":"center center","background-size":"auto","background-attachment":"scroll","background-type":"","background-media":"","overlay-type":"","overlay-color":"","overlay-opacity":"","overlay-gradient":""},"tablet":{"background-color":"","background-image":"","background-repeat":"repeat","background-position":"center center","background-size":"auto","background-attachment":"scroll","background-type":"","background-media":"","overlay-type":"","overlay-color":"","overlay-opacity":"","overlay-gradient":""},"mobile":{"background-color":"","background-image":"","background-repeat":"repeat","background-position":"center center","background-size":"auto","background-attachment":"scroll","background-type":"","background-media":"","overlay-type":"","overlay-color":"","overlay-opacity":"","overlay-gradient":""}},"ast-content-background-meta":{"desktop":{"background-color":"var(--ast-global-color-4)","background-image":"","background-repeat":"repeat","background-position":"center center","background-size":"auto","background-attachment":"scroll","background-type":"","background-media":"","overlay-type":"","overlay-color":"","overlay-opacity":"","overlay-gradient":""},"tablet":{"background-color":"var(--ast-global-color-4)","background-image":"","background-repeat":"repeat","background-position":"center center","background-size":"auto","background-attachment":"scroll","background-type":"","background-media":"","overlay-type":"","overlay-color":"","overlay-opacity":"","overlay-gradient":""},"mobile":{"background-color":"var(--ast-global-color-4)","background-image":"","background-repeat":"repeat","background-position":"center center","background-size":"auto","background-attachment":"scroll","background-type":"","background-media":"","overlay-type":"","overlay-color":"","overlay-opacity":"","overlay-gradient":""}},"footnotes":""},"categories":[1],"tags":[],"class_list":["post-200","post","type-post","status-publish","format-standard","has-post-thumbnail","hentry","category-sem-categoria"],"_links":{"self":[{"href":"https:\/\/nexloo.mx\/cref11\/wp-json\/wp\/v2\/posts\/200","targetHints":{"allow":["GET"]}}],"collection":[{"href":"https:\/\/nexloo.mx\/cref11\/wp-json\/wp\/v2\/posts"}],"about":[{"href":"https:\/\/nexloo.mx\/cref11\/wp-json\/wp\/v2\/types\/post"}],"author":[{"embeddable":true,"href":"https:\/\/nexloo.mx\/cref11\/wp-json\/wp\/v2\/users\/1"}],"replies":[{"embeddable":true,"href":"https:\/\/nexloo.mx\/cref11\/wp-json\/wp\/v2\/comments?post=200"}],"version-history":[{"count":0,"href":"https:\/\/nexloo.mx\/cref11\/wp-json\/wp\/v2\/posts\/200\/revisions"}],"wp:featuredmedia":[{"embeddable":true,"href":"https:\/\/nexloo.mx\/cref11\/wp-json\/wp\/v2\/media\/10338"}],"wp:attachment":[{"href":"https:\/\/nexloo.mx\/cref11\/wp-json\/wp\/v2\/media?parent=200"}],"wp:term":[{"taxonomy":"category","embeddable":true,"href":"https:\/\/nexloo.mx\/cref11\/wp-json\/wp\/v2\/categories?post=200"},{"taxonomy":"post_tag","embeddable":true,"href":"https:\/\/nexloo.mx\/cref11\/wp-json\/wp\/v2\/tags?post=200"}],"curies":[{"name":"wp","href":"https:\/\/api.w.org\/{rel}","templated":true}]}}