{"id":213,"date":"2026-07-28T13:19:36","date_gmt":"2026-07-28T13:19:36","guid":{"rendered":"https:\/\/cref11.org.br\/sete-pessoas-sao-autuadas-por-exercicio-ilegal-da-profissao-em-paranaiba-e-chapadao-do-sul\/"},"modified":"2026-07-28T13:19:36","modified_gmt":"2026-07-28T13:19:36","slug":"sete-pessoas-sao-autuadas-por-exercicio-ilegal-da-profissao-em-paranaiba-e-chapa","status":"publish","type":"post","link":"https:\/\/nexloo.mx\/cref11\/sete-pessoas-sao-autuadas-por-exercicio-ilegal-da-profissao-em-paranaiba-e-chapa\/","title":{"rendered":"Sete pessoas s\u00e3o autuadas por exerc\u00edcio ilegal da profiss\u00e3o em Parana\u00edba e Chapad\u00e3o do Sul"},"content":{"rendered":"<p><main class=\"site-main post-1687 post type-post status-publish format-standard hentry category-noticias\" id=\"content\"><\/p>\n<div class=\"page-content\">\n<p class=\"wp-block-paragraph\">O vice-presidente do CREF11\/MS, Joni Guimar\u00e3es, e os fiscais do Departamente de Fiscaliza\u00e7\u00e3o e Orienta\u00e7\u00e3o do Conselho, realizaram , nessa quarta e quinta-feira (4 e 5), uma opera\u00e7\u00e3o conjunta com a Pol\u00edcia Militar para apurar den\u00fancias de exerc\u00edcio ilegal da profiss\u00e3o em Parana\u00edba e Chapad\u00e3o do Sul.<\/p>\n<p class=\"wp-block-paragraph\">Durante a apura\u00e7\u00e3o, foram flagradas quatro pessoas se passando por profissional de Educa\u00e7\u00e3o F\u00edsica e dois profissionais formados em licenciatura exercendo fun\u00e7\u00e3o de bacharelado. Todos foram encaminhados para as delegacias dos munic\u00edpios para prestarem esclarecimentos. Foi feito boletim de ocorr\u00eancia de cada caso, por exerc\u00edcio ilegal da profiss\u00e3o.<\/p>\n<p class=\"wp-block-paragraph\">Al\u00e9m disso, tamb\u00e9m foi encontrado um acad\u00eamico de bacharel prescrevendo um treino personalizado, pr\u00e1tica permitida somente para profissionais de Educa\u00e7\u00e3o F\u00edsica formados em bacharel.<\/p>\n<p class=\"wp-block-paragraph\">As academias e os respons\u00e1veis t\u00e9cnicos foram autuados por permitirem o exerc\u00edcio ilegal no estebelecimento e se comprovada a neglig\u00eancia, ser\u00e1 aplicada multa grave e grav\u00edssima de valor superior a 10 mil reais.<\/p>\n<p class=\"wp-block-paragraph\">O CREF11\/MS agradece a atua\u00e7\u00e3o dos policiais militares na opera\u00e7\u00e3o conjunta que resultou nas atua\u00e7\u00f5es e em mais seguran\u00e7a para a sociedade.<\/p>\n<p class=\"wp-block-paragraph\">\u201cDepois que iniciamos essa parceria com as for\u00e7as de seguran\u00e7a p\u00fablica, trouxemos mais celeridade \u00e0s fiscaliza\u00e7\u00f5es. Permitir que um leigo atue ilegalmente dentro da sua academia e depois falar que n\u00e3o sabia n\u00e3o adianta. A fiscaliza\u00e7\u00e3o trabalha com provas. Alegar ignor\u00e2ncia n\u00e3o isenta da responsabilidade\u201d, relata o vice-presidente do CREF11\/MS, Joni Guimar\u00e3es, que tamb\u00e9m \u00e9 presidente da C\u00e2mara de Fiscaliza\u00e7\u00e3o do Conselho.<\/p>\n<p class=\"wp-block-paragraph\">Acesse o site www.confef.org.br e veja se o seu professor \u00e9 Profissional de Educa\u00e7\u00e3o F\u00edsica. Digite o nome completo desejado no campo \u201cbusca por registrados\u201d. Se voc\u00ea n\u00e3o encontrar o registro denuncie: fiscalizacao@cref11.org.br ou pelo WhatsApp: (67) 9 9987-8366.<\/p>\n<figure class=\"wp-block-image size-large\"><img fetchpriority=\"high\" alt=\"\" class=\"wp-image-1689\" decoding=\"async\" height=\"1024\" src=\"https:\/\/nexloo.mx\/cref11\/wp-content\/uploads\/2026\/07\/WhatsApp-Image-2023-10-05-at-16.37.11-1-1024x1024-1.jpeg\" width=\"1024\"\/><\/figure>\n<div class=\"post-tags\">\n<\/div>\n<\/div>\n<p><!-- .comments-area --><br \/>\n<\/main><\/p>\n","protected":false},"excerpt":{"rendered":"<p>O vice-presidente do CREF11\/MS, Joni Guimar\u00e3es, e os fiscais do Departamente de Fiscaliza\u00e7\u00e3o e Orienta\u00e7\u00e3o do Conselho, realizaram , nessa quarta e quinta-feira (4 e 5), uma opera\u00e7\u00e3o conjunta com a Pol\u00edcia Militar para apurar den\u00fancias de exerc\u00edcio ilegal da profiss\u00e3o em Parana\u00edba e Chapad\u00e3o do Sul. Durante a apura\u00e7\u00e3o, foram flagradas quatro pessoas se&#8230;<\/p>\n","protected":false},"author":1,"featured_media":10358,"comment_status":"open","ping_status":"open","sticky":false,"template":"","format":"standard","meta":{"site-sidebar-layout":"default","site-content-layout":"","ast-site-content-layout":"default","site-content-style":"default","site-sidebar-style":"default","ast-global-header-display":"","ast-banner-title-visibility":"","ast-main-header-display":"","ast-hfb-above-header-display":"","ast-hfb-below-header-display":"","ast-hfb-mobile-header-display":"","site-post-title":"","ast-breadcrumbs-content":"","ast-featured-img":"","footer-sml-layout":"","ast-disable-related-posts":"","theme-transparent-header-meta":"","adv-header-id-meta":"","stick-header-meta":"","header-above-stick-meta":"","header-main-stick-meta":"","header-below-stick-meta":"","astra-migrate-meta-layouts":"default","ast-page-background-enabled":"default","ast-page-background-meta":{"desktop":{"background-color":"var(--ast-global-color-5)","background-image":"","background-repeat":"repeat","background-position":"center center","background-size":"auto","background-attachment":"scroll","background-type":"","background-media":"","overlay-type":"","overlay-color":"","overlay-opacity":"","overlay-gradient":""},"tablet":{"background-color":"","background-image":"","background-repeat":"repeat","background-position":"center center","background-size":"auto","background-attachment":"scroll","background-type":"","background-media":"","overlay-type":"","overlay-color":"","overlay-opacity":"","overlay-gradient":""},"mobile":{"background-color":"","background-image":"","background-repeat":"repeat","background-position":"center center","background-size":"auto","background-attachment":"scroll","background-type":"","background-media":"","overlay-type":"","overlay-color":"","overlay-opacity":"","overlay-gradient":""}},"ast-content-background-meta":{"desktop":{"background-color":"var(--ast-global-color-4)","background-image":"","background-repeat":"repeat","background-position":"center center","background-size":"auto","background-attachment":"scroll","background-type":"","background-media":"","overlay-type":"","overlay-color":"","overlay-opacity":"","overlay-gradient":""},"tablet":{"background-color":"var(--ast-global-color-4)","background-image":"","background-repeat":"repeat","background-position":"center center","background-size":"auto","background-attachment":"scroll","background-type":"","background-media":"","overlay-type":"","overlay-color":"","overlay-opacity":"","overlay-gradient":""},"mobile":{"background-color":"var(--ast-global-color-4)","background-image":"","background-repeat":"repeat","background-position":"center center","background-size":"auto","background-attachment":"scroll","background-type":"","background-media":"","overlay-type":"","overlay-color":"","overlay-opacity":"","overlay-gradient":""}},"footnotes":""},"categories":[1],"tags":[],"class_list":["post-213","post","type-post","status-publish","format-standard","has-post-thumbnail","hentry","category-sem-categoria"],"_links":{"self":[{"href":"https:\/\/nexloo.mx\/cref11\/wp-json\/wp\/v2\/posts\/213","targetHints":{"allow":["GET"]}}],"collection":[{"href":"https:\/\/nexloo.mx\/cref11\/wp-json\/wp\/v2\/posts"}],"about":[{"href":"https:\/\/nexloo.mx\/cref11\/wp-json\/wp\/v2\/types\/post"}],"author":[{"embeddable":true,"href":"https:\/\/nexloo.mx\/cref11\/wp-json\/wp\/v2\/users\/1"}],"replies":[{"embeddable":true,"href":"https:\/\/nexloo.mx\/cref11\/wp-json\/wp\/v2\/comments?post=213"}],"version-history":[{"count":0,"href":"https:\/\/nexloo.mx\/cref11\/wp-json\/wp\/v2\/posts\/213\/revisions"}],"wp:featuredmedia":[{"embeddable":true,"href":"https:\/\/nexloo.mx\/cref11\/wp-json\/wp\/v2\/media\/10358"}],"wp:attachment":[{"href":"https:\/\/nexloo.mx\/cref11\/wp-json\/wp\/v2\/media?parent=213"}],"wp:term":[{"taxonomy":"category","embeddable":true,"href":"https:\/\/nexloo.mx\/cref11\/wp-json\/wp\/v2\/categories?post=213"},{"taxonomy":"post_tag","embeddable":true,"href":"https:\/\/nexloo.mx\/cref11\/wp-json\/wp\/v2\/tags?post=213"}],"curies":[{"name":"wp","href":"https:\/\/api.w.org\/{rel}","templated":true}]}}