{"id":226,"date":"2026-07-28T13:19:36","date_gmt":"2026-07-28T13:19:36","guid":{"rendered":"https:\/\/cref11.org.br\/cref11-ms-participa-do-3o-congresso-nacional-de-educacao-fisica-em-belem\/"},"modified":"2026-07-28T13:19:36","modified_gmt":"2026-07-28T13:19:36","slug":"cref11ms-participa-do-3o-congresso-nacional-de-educacao-fisica-em-belem","status":"publish","type":"post","link":"https:\/\/nexloo.mx\/cref11\/cref11ms-participa-do-3o-congresso-nacional-de-educacao-fisica-em-belem\/","title":{"rendered":"CREF11\/MS participa do 3\u00ba Congresso Nacional de Educa\u00e7\u00e3o F\u00edsica em Bel\u00e9m"},"content":{"rendered":"<p><main class=\"site-main post-1740 post type-post status-publish format-standard hentry category-noticias\" id=\"content\"><\/p>\n<div class=\"page-content\">\n<p class=\"wp-block-paragraph\">O CREF11\/MS esteve presente no 3\u00ba Congresso Nacional de Educa\u00e7\u00e3o F\u00edsica, de 2 a 4 de novembro, em Bel\u00e9m, no Par\u00e1, organizado pelo CREF18 (<a href=\"https:\/\/www.instagram.com\/cref18\/\" target=\"_blank\" rel=\"noopener\">@cref18<\/a>), onde foram promovidas palestras e mesas redondas sobre a Educa\u00e7\u00e3o F\u00edsica e reuniu representantes dos CREFs e da profiss\u00e3o no geral. Na ocasi\u00e3o, foi realizada a mesa redonda \u201cBNCC na Educa\u00e7\u00e3o F\u00edsica: Desafios e Inova\u00e7\u00f5es Pedag\u00f3gica\u201d, mediada pela presidente do CREF11\/MS, Eliana de Mattos Carvalho, e composta pela Prof. Dra. Elizabete Laurindo de Souza e pelo Prof. Dr. Ant\u00f4nio R. Catunda de Oliveira.<\/p>\n<p class=\"wp-block-paragraph\">Ainda no evento, Eliana de Mattos Carvalho recebeu a entrega da Medalha Nagib Coelho Matni, uma honraria em reconhecimento por seus trabalhos relevantes em prol da Educa\u00e7\u00e3o<\/p>\n<figure class=\"wp-block-image size-large\"><img fetchpriority=\"high\" alt=\"\" class=\"wp-image-1743\" decoding=\"async\" height=\"1024\" src=\"https:\/\/nexloo.mx\/cref11\/wp-content\/uploads\/2026\/07\/399872962_18068614948439676_6758806175841725409_n-1-1024x1024-1.jpg\" width=\"1024\"\/><\/figure>\n<div class=\"post-tags\">\n<\/div>\n<\/div>\n<p><!-- .comments-area --><br \/>\n<\/main><\/p>\n","protected":false},"excerpt":{"rendered":"<p>O CREF11\/MS esteve presente no 3\u00ba Congresso Nacional de Educa\u00e7\u00e3o F\u00edsica, de 2 a 4 de novembro, em Bel\u00e9m, no Par\u00e1, organizado pelo CREF18 ( @cref18 ), onde foram promovidas palestras e mesas redondas sobre a Educa\u00e7\u00e3o F\u00edsica e reuniu representantes dos CREFs e da profiss\u00e3o no geral. Na ocasi\u00e3o, foi realizada a mesa redonda&#8230;<\/p>\n","protected":false},"author":1,"featured_media":10371,"comment_status":"open","ping_status":"open","sticky":false,"template":"","format":"standard","meta":{"site-sidebar-layout":"default","site-content-layout":"","ast-site-content-layout":"default","site-content-style":"default","site-sidebar-style":"default","ast-global-header-display":"","ast-banner-title-visibility":"","ast-main-header-display":"","ast-hfb-above-header-display":"","ast-hfb-below-header-display":"","ast-hfb-mobile-header-display":"","site-post-title":"","ast-breadcrumbs-content":"","ast-featured-img":"","footer-sml-layout":"","ast-disable-related-posts":"","theme-transparent-header-meta":"","adv-header-id-meta":"","stick-header-meta":"","header-above-stick-meta":"","header-main-stick-meta":"","header-below-stick-meta":"","astra-migrate-meta-layouts":"default","ast-page-background-enabled":"default","ast-page-background-meta":{"desktop":{"background-color":"var(--ast-global-color-5)","background-image":"","background-repeat":"repeat","background-position":"center center","background-size":"auto","background-attachment":"scroll","background-type":"","background-media":"","overlay-type":"","overlay-color":"","overlay-opacity":"","overlay-gradient":""},"tablet":{"background-color":"","background-image":"","background-repeat":"repeat","background-position":"center center","background-size":"auto","background-attachment":"scroll","background-type":"","background-media":"","overlay-type":"","overlay-color":"","overlay-opacity":"","overlay-gradient":""},"mobile":{"background-color":"","background-image":"","background-repeat":"repeat","background-position":"center center","background-size":"auto","background-attachment":"scroll","background-type":"","background-media":"","overlay-type":"","overlay-color":"","overlay-opacity":"","overlay-gradient":""}},"ast-content-background-meta":{"desktop":{"background-color":"var(--ast-global-color-4)","background-image":"","background-repeat":"repeat","background-position":"center center","background-size":"auto","background-attachment":"scroll","background-type":"","background-media":"","overlay-type":"","overlay-color":"","overlay-opacity":"","overlay-gradient":""},"tablet":{"background-color":"var(--ast-global-color-4)","background-image":"","background-repeat":"repeat","background-position":"center center","background-size":"auto","background-attachment":"scroll","background-type":"","background-media":"","overlay-type":"","overlay-color":"","overlay-opacity":"","overlay-gradient":""},"mobile":{"background-color":"var(--ast-global-color-4)","background-image":"","background-repeat":"repeat","background-position":"center center","background-size":"auto","background-attachment":"scroll","background-type":"","background-media":"","overlay-type":"","overlay-color":"","overlay-opacity":"","overlay-gradient":""}},"footnotes":""},"categories":[1],"tags":[],"class_list":["post-226","post","type-post","status-publish","format-standard","has-post-thumbnail","hentry","category-sem-categoria"],"_links":{"self":[{"href":"https:\/\/nexloo.mx\/cref11\/wp-json\/wp\/v2\/posts\/226","targetHints":{"allow":["GET"]}}],"collection":[{"href":"https:\/\/nexloo.mx\/cref11\/wp-json\/wp\/v2\/posts"}],"about":[{"href":"https:\/\/nexloo.mx\/cref11\/wp-json\/wp\/v2\/types\/post"}],"author":[{"embeddable":true,"href":"https:\/\/nexloo.mx\/cref11\/wp-json\/wp\/v2\/users\/1"}],"replies":[{"embeddable":true,"href":"https:\/\/nexloo.mx\/cref11\/wp-json\/wp\/v2\/comments?post=226"}],"version-history":[{"count":0,"href":"https:\/\/nexloo.mx\/cref11\/wp-json\/wp\/v2\/posts\/226\/revisions"}],"wp:featuredmedia":[{"embeddable":true,"href":"https:\/\/nexloo.mx\/cref11\/wp-json\/wp\/v2\/media\/10371"}],"wp:attachment":[{"href":"https:\/\/nexloo.mx\/cref11\/wp-json\/wp\/v2\/media?parent=226"}],"wp:term":[{"taxonomy":"category","embeddable":true,"href":"https:\/\/nexloo.mx\/cref11\/wp-json\/wp\/v2\/categories?post=226"},{"taxonomy":"post_tag","embeddable":true,"href":"https:\/\/nexloo.mx\/cref11\/wp-json\/wp\/v2\/tags?post=226"}],"curies":[{"name":"wp","href":"https:\/\/api.w.org\/{rel}","templated":true}]}}