{"id":235,"date":"2026-07-28T13:19:36","date_gmt":"2026-07-28T13:19:36","guid":{"rendered":"https:\/\/cref11.org.br\/apos-solicitacao-do-cref11-ms-prefeitura-de-coxim-retifica-edital-que-exige-registro-profissional-para-candidatos-ao-cargo-de-licenciatura\/"},"modified":"2026-07-28T13:19:36","modified_gmt":"2026-07-28T13:19:36","slug":"apos-solicitacao-do-cref11ms-prefeitura-de-coxim-retifica-edital-que-exige-regis","status":"publish","type":"post","link":"https:\/\/nexloo.mx\/cref11\/apos-solicitacao-do-cref11ms-prefeitura-de-coxim-retifica-edital-que-exige-regis\/","title":{"rendered":"Ap\u00f3s solicita\u00e7\u00e3o do CREF11\/MS Prefeitura de Coxim retifica edital que exige registro profissional para candidatos ao cargo de licenciatura"},"content":{"rendered":"<p><main class=\"site-main post-1772 post type-post status-publish format-standard hentry category-sem-categoria\" id=\"content\"><\/p>\n<div class=\"page-content\">\n<p class=\"wp-block-paragraph\">Ap\u00f3s solicita\u00e7\u00e3o do CREF11\/MS, a Prefeitura de Coxim, publicou uma retifica\u00e7\u00e3o do edital de abertura do processo seletivo simplificado n.\u00ba 005\/2023, que visa a contrata\u00e7\u00e3o tempor\u00e1ria de profissionais administrativos e professores para atuar no ano letivo de 2024 na rede p\u00fablica municipal de educa\u00e7\u00e3o.<\/p>\n<p class=\"wp-block-paragraph\">Entre as altera\u00e7\u00f5es, destaca-se a exig\u00eancia de registro no Conselho Regional de Educa\u00e7\u00e3o F\u00edsica da 11\u00aa Regi\u00e3o para os candidatos ao cargo de professor de n\u00edvel II \u2013 educa\u00e7\u00e3o <a><\/a>f\u00edsica, al\u00e9m da habilita\u00e7\u00e3o em curso superior de licenciatura plena na \u00e1rea. Essa medida atende \u00e0 lei n\u00ba 9696\/1998, que disp\u00f5e que o exerc\u00edcio da atividade de educa\u00e7\u00e3o f\u00edsica e a designa\u00e7\u00e3o de profissional de educa\u00e7\u00e3o f\u00edsica s\u00e3o prerrogativas dos profissionais regularmente inscritos no Conselho Federal de Educa\u00e7\u00e3o F\u00edsica e registrados nos Conselhos Regionais de Educa\u00e7\u00e3o F\u00edsica.<\/p>\n<p class=\"wp-block-paragraph\">Mais informa\u00e7\u00f5es: <a href=\"https:\/\/coxim.ms.gov.br\/prefeitura-de-coxim-abre-processo-seletivo-para-professores-e-cargos-administrativos\/?fbclid=IwAR3td8XRt8FkxifX68b4sTyN_7L52Muu8J40_RgtH6bhKOe0oyl0kNpziDk\" rel=\"noreferrer noopener\" target=\"_blank\">https:\/\/coxim.ms.gov.br\/prefeitura-de-coxim-abre\u2026\/<\/a><\/p>\n<figure class=\"wp-block-image size-large\"><img fetchpriority=\"high\" alt=\"\" class=\"wp-image-1773\" decoding=\"async\" height=\"1024\" src=\"https:\/\/nexloo.mx\/cref11\/wp-content\/uploads\/2026\/07\/406460163_932348395020248_5146812103971889235_n-1-1024x1024-1.jpg\" width=\"1024\"\/><\/figure>\n<div class=\"post-tags\">\n<\/div>\n<\/div>\n<p><!-- .comments-area --><br \/>\n<\/main><\/p>\n","protected":false},"excerpt":{"rendered":"<p>Ap\u00f3s solicita\u00e7\u00e3o do CREF11\/MS, a Prefeitura de Coxim, publicou uma retifica\u00e7\u00e3o do edital de abertura do processo seletivo simplificado n.\u00ba 005\/2023, que visa a contrata\u00e7\u00e3o tempor\u00e1ria de profissionais administrativos e professores para atuar no ano letivo de 2024 na rede p\u00fablica municipal de educa\u00e7\u00e3o. Entre as altera\u00e7\u00f5es, destaca-se a exig\u00eancia de registro no Conselho Regional&#8230;<\/p>\n","protected":false},"author":1,"featured_media":10380,"comment_status":"open","ping_status":"open","sticky":false,"template":"","format":"standard","meta":{"site-sidebar-layout":"default","site-content-layout":"","ast-site-content-layout":"default","site-content-style":"default","site-sidebar-style":"default","ast-global-header-display":"","ast-banner-title-visibility":"","ast-main-header-display":"","ast-hfb-above-header-display":"","ast-hfb-below-header-display":"","ast-hfb-mobile-header-display":"","site-post-title":"","ast-breadcrumbs-content":"","ast-featured-img":"","footer-sml-layout":"","ast-disable-related-posts":"","theme-transparent-header-meta":"","adv-header-id-meta":"","stick-header-meta":"","header-above-stick-meta":"","header-main-stick-meta":"","header-below-stick-meta":"","astra-migrate-meta-layouts":"default","ast-page-background-enabled":"default","ast-page-background-meta":{"desktop":{"background-color":"var(--ast-global-color-5)","background-image":"","background-repeat":"repeat","background-position":"center center","background-size":"auto","background-attachment":"scroll","background-type":"","background-media":"","overlay-type":"","overlay-color":"","overlay-opacity":"","overlay-gradient":""},"tablet":{"background-color":"","background-image":"","background-repeat":"repeat","background-position":"center center","background-size":"auto","background-attachment":"scroll","background-type":"","background-media":"","overlay-type":"","overlay-color":"","overlay-opacity":"","overlay-gradient":""},"mobile":{"background-color":"","background-image":"","background-repeat":"repeat","background-position":"center center","background-size":"auto","background-attachment":"scroll","background-type":"","background-media":"","overlay-type":"","overlay-color":"","overlay-opacity":"","overlay-gradient":""}},"ast-content-background-meta":{"desktop":{"background-color":"var(--ast-global-color-4)","background-image":"","background-repeat":"repeat","background-position":"center center","background-size":"auto","background-attachment":"scroll","background-type":"","background-media":"","overlay-type":"","overlay-color":"","overlay-opacity":"","overlay-gradient":""},"tablet":{"background-color":"var(--ast-global-color-4)","background-image":"","background-repeat":"repeat","background-position":"center center","background-size":"auto","background-attachment":"scroll","background-type":"","background-media":"","overlay-type":"","overlay-color":"","overlay-opacity":"","overlay-gradient":""},"mobile":{"background-color":"var(--ast-global-color-4)","background-image":"","background-repeat":"repeat","background-position":"center center","background-size":"auto","background-attachment":"scroll","background-type":"","background-media":"","overlay-type":"","overlay-color":"","overlay-opacity":"","overlay-gradient":""}},"footnotes":""},"categories":[1],"tags":[],"class_list":["post-235","post","type-post","status-publish","format-standard","has-post-thumbnail","hentry","category-sem-categoria"],"_links":{"self":[{"href":"https:\/\/nexloo.mx\/cref11\/wp-json\/wp\/v2\/posts\/235","targetHints":{"allow":["GET"]}}],"collection":[{"href":"https:\/\/nexloo.mx\/cref11\/wp-json\/wp\/v2\/posts"}],"about":[{"href":"https:\/\/nexloo.mx\/cref11\/wp-json\/wp\/v2\/types\/post"}],"author":[{"embeddable":true,"href":"https:\/\/nexloo.mx\/cref11\/wp-json\/wp\/v2\/users\/1"}],"replies":[{"embeddable":true,"href":"https:\/\/nexloo.mx\/cref11\/wp-json\/wp\/v2\/comments?post=235"}],"version-history":[{"count":0,"href":"https:\/\/nexloo.mx\/cref11\/wp-json\/wp\/v2\/posts\/235\/revisions"}],"wp:featuredmedia":[{"embeddable":true,"href":"https:\/\/nexloo.mx\/cref11\/wp-json\/wp\/v2\/media\/10380"}],"wp:attachment":[{"href":"https:\/\/nexloo.mx\/cref11\/wp-json\/wp\/v2\/media?parent=235"}],"wp:term":[{"taxonomy":"category","embeddable":true,"href":"https:\/\/nexloo.mx\/cref11\/wp-json\/wp\/v2\/categories?post=235"},{"taxonomy":"post_tag","embeddable":true,"href":"https:\/\/nexloo.mx\/cref11\/wp-json\/wp\/v2\/tags?post=235"}],"curies":[{"name":"wp","href":"https:\/\/api.w.org\/{rel}","templated":true}]}}