{"id":24,"date":"2026-07-28T13:19:36","date_gmt":"2026-07-28T13:19:36","guid":{"rendered":"https:\/\/cref11.org.br\/cref11-ms-ativo-agenda-de-fevereiro\/"},"modified":"2026-07-28T13:19:36","modified_gmt":"2026-07-28T13:19:36","slug":"cref11ms-ativo-agenda-de-fevereiro","status":"publish","type":"post","link":"https:\/\/nexloo.mx\/cref11\/cref11ms-ativo-agenda-de-fevereiro\/","title":{"rendered":"CREF11\/MS ativo \u2013 agenda de fevereiro"},"content":{"rendered":"<p><main class=\"site-main post-547 post type-post status-publish format-standard hentry category-noticias\" id=\"content\"><\/p>\n<div class=\"page-content\">\n<p class=\"wp-block-paragraph\">O CREF11\/MS inicia mais uma a\u00e7\u00e3o em benef\u00edcio dos profissionais de Educa\u00e7\u00e3o F\u00edsica, acad\u00eamicos e donos de academias. O Conselho ministrar\u00e1, neste m\u00eas de fevereiro, palestras de capacita\u00e7\u00e3o nos munic\u00edpios de Mato Grosso do Sul, com o tema \u201cAtualiza\u00e7\u00e3o da Nova Legisla\u00e7\u00e3o\u201d, de forma gratuita. Confira a agenda.<\/p>\n<p class=\"wp-block-paragraph\">13\/02- Coxim (MS) das 19h \u00e0s 21h<br \/>14\/02 \u2013 Sonora (MS) das 18h \u00e0s 20h<br \/>15\/02 \u2013 Rio Verde(MS) das 18h \u00e0s 20h<br \/>16\/02 \u2013 S\u00e3o Gabriel do Oeste (MS) das 19h \u00e0s 21h<\/p>\n<figure class=\"wp-block-image size-large\"><img alt=\"\" decoding=\"async\" src=\"https:\/\/nexloo.mx\/cref11\/wp-content\/uploads\/2026\/07\/WhatsApp-Image-2023-02-07-at-20.13.51.jpeg\"\/><\/figure>\n<div class=\"post-tags\">\n<\/div>\n<\/div>\n<p><!-- .comments-area --><br \/>\n<\/main><\/p>\n","protected":false},"excerpt":{"rendered":"<p>O CREF11\/MS inicia mais uma a\u00e7\u00e3o em benef\u00edcio dos profissionais de Educa\u00e7\u00e3o F\u00edsica, acad\u00eamicos e donos de academias. O Conselho ministrar\u00e1, neste m\u00eas de fevereiro, palestras de capacita\u00e7\u00e3o nos munic\u00edpios de Mato Grosso do Sul, com o tema \u201cAtualiza\u00e7\u00e3o da Nova Legisla\u00e7\u00e3o\u201d, de forma gratuita. Confira a agenda. 13\/02- Coxim (MS) das 19h \u00e0s 21h&#8230;<\/p>\n","protected":false},"author":1,"featured_media":10058,"comment_status":"open","ping_status":"open","sticky":false,"template":"","format":"standard","meta":{"site-sidebar-layout":"default","site-content-layout":"","ast-site-content-layout":"default","site-content-style":"default","site-sidebar-style":"default","ast-global-header-display":"","ast-banner-title-visibility":"","ast-main-header-display":"","ast-hfb-above-header-display":"","ast-hfb-below-header-display":"","ast-hfb-mobile-header-display":"","site-post-title":"","ast-breadcrumbs-content":"","ast-featured-img":"","footer-sml-layout":"","ast-disable-related-posts":"","theme-transparent-header-meta":"","adv-header-id-meta":"","stick-header-meta":"","header-above-stick-meta":"","header-main-stick-meta":"","header-below-stick-meta":"","astra-migrate-meta-layouts":"default","ast-page-background-enabled":"default","ast-page-background-meta":{"desktop":{"background-color":"var(--ast-global-color-5)","background-image":"","background-repeat":"repeat","background-position":"center center","background-size":"auto","background-attachment":"scroll","background-type":"","background-media":"","overlay-type":"","overlay-color":"","overlay-opacity":"","overlay-gradient":""},"tablet":{"background-color":"","background-image":"","background-repeat":"repeat","background-position":"center center","background-size":"auto","background-attachment":"scroll","background-type":"","background-media":"","overlay-type":"","overlay-color":"","overlay-opacity":"","overlay-gradient":""},"mobile":{"background-color":"","background-image":"","background-repeat":"repeat","background-position":"center center","background-size":"auto","background-attachment":"scroll","background-type":"","background-media":"","overlay-type":"","overlay-color":"","overlay-opacity":"","overlay-gradient":""}},"ast-content-background-meta":{"desktop":{"background-color":"var(--ast-global-color-4)","background-image":"","background-repeat":"repeat","background-position":"center center","background-size":"auto","background-attachment":"scroll","background-type":"","background-media":"","overlay-type":"","overlay-color":"","overlay-opacity":"","overlay-gradient":""},"tablet":{"background-color":"var(--ast-global-color-4)","background-image":"","background-repeat":"repeat","background-position":"center center","background-size":"auto","background-attachment":"scroll","background-type":"","background-media":"","overlay-type":"","overlay-color":"","overlay-opacity":"","overlay-gradient":""},"mobile":{"background-color":"var(--ast-global-color-4)","background-image":"","background-repeat":"repeat","background-position":"center center","background-size":"auto","background-attachment":"scroll","background-type":"","background-media":"","overlay-type":"","overlay-color":"","overlay-opacity":"","overlay-gradient":""}},"footnotes":""},"categories":[1],"tags":[],"class_list":["post-24","post","type-post","status-publish","format-standard","has-post-thumbnail","hentry","category-sem-categoria"],"_links":{"self":[{"href":"https:\/\/nexloo.mx\/cref11\/wp-json\/wp\/v2\/posts\/24","targetHints":{"allow":["GET"]}}],"collection":[{"href":"https:\/\/nexloo.mx\/cref11\/wp-json\/wp\/v2\/posts"}],"about":[{"href":"https:\/\/nexloo.mx\/cref11\/wp-json\/wp\/v2\/types\/post"}],"author":[{"embeddable":true,"href":"https:\/\/nexloo.mx\/cref11\/wp-json\/wp\/v2\/users\/1"}],"replies":[{"embeddable":true,"href":"https:\/\/nexloo.mx\/cref11\/wp-json\/wp\/v2\/comments?post=24"}],"version-history":[{"count":0,"href":"https:\/\/nexloo.mx\/cref11\/wp-json\/wp\/v2\/posts\/24\/revisions"}],"wp:featuredmedia":[{"embeddable":true,"href":"https:\/\/nexloo.mx\/cref11\/wp-json\/wp\/v2\/media\/10058"}],"wp:attachment":[{"href":"https:\/\/nexloo.mx\/cref11\/wp-json\/wp\/v2\/media?parent=24"}],"wp:term":[{"taxonomy":"category","embeddable":true,"href":"https:\/\/nexloo.mx\/cref11\/wp-json\/wp\/v2\/categories?post=24"},{"taxonomy":"post_tag","embeddable":true,"href":"https:\/\/nexloo.mx\/cref11\/wp-json\/wp\/v2\/tags?post=24"}],"curies":[{"name":"wp","href":"https:\/\/api.w.org\/{rel}","templated":true}]}}