{"id":279,"date":"2026-07-28T13:19:36","date_gmt":"2026-07-28T13:19:36","guid":{"rendered":"https:\/\/cref11.org.br\/o-creff11-ms-realiza-eventos-em-maracaju\/"},"modified":"2026-07-28T13:19:36","modified_gmt":"2026-07-28T13:19:36","slug":"o-creff11ms-realiza-eventos-em-maracaju","status":"publish","type":"post","link":"https:\/\/nexloo.mx\/cref11\/o-creff11ms-realiza-eventos-em-maracaju\/","title":{"rendered":"O CREFF11\/MS realiza eventos em Maracaju"},"content":{"rendered":"<p><main class=\"site-main post-2005 post type-post status-publish format-standard hentry category-noticias\" id=\"content\"><\/p>\n<div class=\"page-content\">\n<p class=\"wp-block-paragraph\">No dia 15 foi realizada a palestra pela presidente, Eliana de Mattos Carvalho (CREF 000001-G\/MS), com o tema \u201cCRE11\/MS \u2013 Atribui\u00e7\u00f5es, Legisla\u00e7\u00f5es e Realiza\u00e7\u00f5es\u201d. J\u00e1 no dia 16, o Professor Me. Renato Lima de Aguiar ministrou o curso \u201cEduca\u00e7\u00e3o F\u00edsica na Escola \u2013 Fundamental I e II\u201d.<\/p>\n<p class=\"wp-block-paragraph\">E neste s\u00e1bado (17), o Ten. Sampaio, ministrou o curso \u201cAtendimento Pr\u00e9 Hospitalar \u2013 APH\u201d, em atendimento \u00e0 Lei Lucas, nome dado \u00e0 Lei 13.722, de outubro de 2018, que determinou que professores e funcion\u00e1rios de escolas de educa\u00e7\u00e3o infantil e b\u00e1sica, p\u00fablicas ou privadas e de qualquer tipo de estabelecimento de recrea\u00e7\u00e3o infantil tenham capacita\u00e7\u00e3o em primeiros socorros.<\/p>\n<p class=\"wp-block-paragraph\">\u201cEsse curso de APH \u00e9 essencial. J\u00e1 vimos casos de profissionais salvando a vida de alunos por saberem as manobras. Vamos seguir com esta capacita\u00e7\u00e3o aos demais munic\u00edpios de Mato Grosso do Sul, destaca o vice-presidente do CREF11\/MS, Joni Guimar\u00e3es (CREF 002207-G\/MS).<\/p>\n<p class=\"wp-block-paragraph\">Participaram 40 professores da Rede Municipal de Ensino. Marcaram presen\u00e7a o prefeito, Jos\u00e9 Marcos Calder\u00f3n, a secret\u00e1ria de educa\u00e7\u00e3o, Carolina de Lima Ferreira e Souza e a diretora da secretaria de educa\u00e7\u00e3o, Jucileia Marcondes Barboza. O 2\u00ba secret\u00e1rio do CREF11\/MS, Eriobaldo Fernando Dantas Pimentel, e os conselheiros: Erlei Pires Dias e Ben-Hur Mazzoni Laprano tambem participaram.<\/p>\n<p class=\"wp-block-paragraph\">Durante os dias em Maracaju os colaboradores do Conselho ainda fizeram atendimento aos profissionais com o CREF11\/MS Itinerante.<\/p>\n<p class=\"wp-block-paragraph\">O CREF11\/MS esteve em Maracaju, neste final de semana, dias 15, 16 e 17, o que marcou o in\u00edcio das atividddes dos Projetos CREF11\/MS ATIVO, CREF11\/MS ITINERANTE e CREF11\/MS EM FORMA\u00c7\u00c3O.<\/p>\n<p class=\"wp-block-paragraph\">No dia 15 foi realizada a palestra pela presidente, Eliana de Mattos Carvalho (CREF 000001-G\/MS), com o tema \u201cCRE11\/MS \u2013 Atribui\u00e7\u00f5es, Legisla\u00e7\u00f5es e Realiza\u00e7\u00f5es\u201d. J\u00e1 no dia 16, o Professor Me. Renato Lima de Aguiar ministrou o curso \u201cEduca\u00e7\u00e3o F\u00edsica na Escola \u2013 Fundamental I e II\u201d.<\/p>\n<p class=\"wp-block-paragraph\">E neste s\u00e1bado (17), o Ten. Sampaio, ministrou o curso \u201cAtendimento Pr\u00e9 Hospitalar \u2013 APH\u201d, em atendimento \u00e0 Lei Lucas, nome dado \u00e0 Lei 13.722, de outubro de 2018, que determinou que professores e funcion\u00e1rios de escolas de educa\u00e7\u00e3o infantil e b\u00e1sica, p\u00fablicas ou privadas e de qualquer tipo de estabelecimento de recrea\u00e7\u00e3o infantil tenham capacita\u00e7\u00e3o em primeiros socorros.<\/p>\n<p class=\"wp-block-paragraph\">\u201cEsse curso de APH \u00e9 essencial. J\u00e1 vimos casos de profissionais salvando a vida de alunos por saberem as manobras. Vamos seguir com esta capacita\u00e7\u00e3o aos demais munic\u00edpios de Mato Grosso do Sul, destaca o vice-presidente do CREF11\/MS, Joni Guimar\u00e3es (CREF 002207-G\/MS).<\/p>\n<p class=\"wp-block-paragraph\">Participaram 40 professores da Rede Municipal de Ensino. Marcaram presen\u00e7a o prefeito, Jos\u00e9 Marcos Calder\u00f3n, a secret\u00e1ria de educa\u00e7\u00e3o, Carolina de Lima Ferreira e Souza e a diretora da secretaria de educa\u00e7\u00e3o, Jucileia Marcondes Barboza. O 2\u00ba secret\u00e1rio do CREF11\/MS, Eriobaldo Fernando Dantas Pimentel, e os conselheiros: Erlei Pires Dias e Ben-Hur Mazzoni Laprano tambem participaram.<\/p>\n<p class=\"wp-block-paragraph\">Durante os dias em Maracaju os colaboradores do Conselho ainda fizeram atendimento aos profissionais com o CREF11\/MS Itinerante.<\/p>\n<figure class=\"wp-block-image size-full\"><img fetchpriority=\"high\" alt=\"\" class=\"wp-image-2006\" decoding=\"async\" height=\"881\" src=\"https:\/\/nexloo.mx\/cref11\/wp-content\/uploads\/2024\/02\/image-3.png\" width=\"898\"\/><\/figure>\n<div class=\"post-tags\">\n<\/div>\n<\/div>\n<p><!-- .comments-area --><br \/>\n<\/main><\/p>\n","protected":false},"excerpt":{"rendered":"<p>No dia 15 foi realizada a palestra pela presidente, Eliana de Mattos Carvalho (CREF 000001-G\/MS), com o tema \u201cCRE11\/MS \u2013 Atribui\u00e7\u00f5es, Legisla\u00e7\u00f5es e Realiza\u00e7\u00f5es\u201d. J\u00e1 no dia 16, o Professor Me. Renato Lima de Aguiar ministrou o curso \u201cEduca\u00e7\u00e3o F\u00edsica na Escola \u2013 Fundamental I e II\u201d. E neste s\u00e1bado (17), o Ten. Sampaio, ministrou&#8230;<\/p>\n","protected":false},"author":1,"featured_media":10401,"comment_status":"open","ping_status":"open","sticky":false,"template":"","format":"standard","meta":{"site-sidebar-layout":"default","site-content-layout":"","ast-site-content-layout":"default","site-content-style":"default","site-sidebar-style":"default","ast-global-header-display":"","ast-banner-title-visibility":"","ast-main-header-display":"","ast-hfb-above-header-display":"","ast-hfb-below-header-display":"","ast-hfb-mobile-header-display":"","site-post-title":"","ast-breadcrumbs-content":"","ast-featured-img":"","footer-sml-layout":"","ast-disable-related-posts":"","theme-transparent-header-meta":"","adv-header-id-meta":"","stick-header-meta":"","header-above-stick-meta":"","header-main-stick-meta":"","header-below-stick-meta":"","astra-migrate-meta-layouts":"default","ast-page-background-enabled":"default","ast-page-background-meta":{"desktop":{"background-color":"var(--ast-global-color-5)","background-image":"","background-repeat":"repeat","background-position":"center center","background-size":"auto","background-attachment":"scroll","background-type":"","background-media":"","overlay-type":"","overlay-color":"","overlay-opacity":"","overlay-gradient":""},"tablet":{"background-color":"","background-image":"","background-repeat":"repeat","background-position":"center center","background-size":"auto","background-attachment":"scroll","background-type":"","background-media":"","overlay-type":"","overlay-color":"","overlay-opacity":"","overlay-gradient":""},"mobile":{"background-color":"","background-image":"","background-repeat":"repeat","background-position":"center center","background-size":"auto","background-attachment":"scroll","background-type":"","background-media":"","overlay-type":"","overlay-color":"","overlay-opacity":"","overlay-gradient":""}},"ast-content-background-meta":{"desktop":{"background-color":"var(--ast-global-color-4)","background-image":"","background-repeat":"repeat","background-position":"center center","background-size":"auto","background-attachment":"scroll","background-type":"","background-media":"","overlay-type":"","overlay-color":"","overlay-opacity":"","overlay-gradient":""},"tablet":{"background-color":"var(--ast-global-color-4)","background-image":"","background-repeat":"repeat","background-position":"center center","background-size":"auto","background-attachment":"scroll","background-type":"","background-media":"","overlay-type":"","overlay-color":"","overlay-opacity":"","overlay-gradient":""},"mobile":{"background-color":"var(--ast-global-color-4)","background-image":"","background-repeat":"repeat","background-position":"center center","background-size":"auto","background-attachment":"scroll","background-type":"","background-media":"","overlay-type":"","overlay-color":"","overlay-opacity":"","overlay-gradient":""}},"footnotes":""},"categories":[1],"tags":[],"class_list":["post-279","post","type-post","status-publish","format-standard","has-post-thumbnail","hentry","category-sem-categoria"],"_links":{"self":[{"href":"https:\/\/nexloo.mx\/cref11\/wp-json\/wp\/v2\/posts\/279","targetHints":{"allow":["GET"]}}],"collection":[{"href":"https:\/\/nexloo.mx\/cref11\/wp-json\/wp\/v2\/posts"}],"about":[{"href":"https:\/\/nexloo.mx\/cref11\/wp-json\/wp\/v2\/types\/post"}],"author":[{"embeddable":true,"href":"https:\/\/nexloo.mx\/cref11\/wp-json\/wp\/v2\/users\/1"}],"replies":[{"embeddable":true,"href":"https:\/\/nexloo.mx\/cref11\/wp-json\/wp\/v2\/comments?post=279"}],"version-history":[{"count":0,"href":"https:\/\/nexloo.mx\/cref11\/wp-json\/wp\/v2\/posts\/279\/revisions"}],"wp:featuredmedia":[{"embeddable":true,"href":"https:\/\/nexloo.mx\/cref11\/wp-json\/wp\/v2\/media\/10401"}],"wp:attachment":[{"href":"https:\/\/nexloo.mx\/cref11\/wp-json\/wp\/v2\/media?parent=279"}],"wp:term":[{"taxonomy":"category","embeddable":true,"href":"https:\/\/nexloo.mx\/cref11\/wp-json\/wp\/v2\/categories?post=279"},{"taxonomy":"post_tag","embeddable":true,"href":"https:\/\/nexloo.mx\/cref11\/wp-json\/wp\/v2\/tags?post=279"}],"curies":[{"name":"wp","href":"https:\/\/api.w.org\/{rel}","templated":true}]}}