{"id":289,"date":"2026-07-28T13:19:36","date_gmt":"2026-07-28T13:19:36","guid":{"rendered":"https:\/\/cref11.org.br\/vice-presidente-do-cref11-ms-ministra-palestra-para-academicos-da-ucdb\/"},"modified":"2026-07-28T13:19:36","modified_gmt":"2026-07-28T13:19:36","slug":"vice-presidente-do-cref11ms-ministra-palestra-para-academicos-da-ucdb","status":"publish","type":"post","link":"https:\/\/nexloo.mx\/cref11\/vice-presidente-do-cref11ms-ministra-palestra-para-academicos-da-ucdb\/","title":{"rendered":"Vice-presidente do CREF11\/MS ministra palestra para acad\u00eamicos da UCDB"},"content":{"rendered":"<p><main class=\"site-main post-2182 post type-post status-publish format-standard hentry category-noticias\" id=\"content\"><\/p>\n<div class=\"page-content\">\n<p class=\"wp-block-paragraph\">Nesta ter\u00e7a-feira, dia 12, o vice-presidente do Conselho Regional de Educa\u00e7\u00e3o F\u00edsica da 11\u00aa Regi\u00e3o (CREF11MS), Joni Guimar\u00e3es, esteve presente na Universidade Cat\u00f3lica Dom Bosco (UCDB) para ministrar uma palestra sobre responsabilidade t\u00e9cnica do profissional de educa\u00e7\u00e3o f\u00edsica.<\/p>\n<p class=\"wp-block-paragraph\">O evento, voltado para acad\u00eamicos da institui\u00e7\u00e3o, foi uma oportunidade para os futuros profissionais entenderem melhor os aspectos \u00e9ticos e legais envolvidos na pr\u00e1tica da educa\u00e7\u00e3o f\u00edsica. Al\u00e9m disso, foi uma oportunidade de troca de experi\u00eancias entre o vice-presidente do CREF11MS, Joni Guimar\u00e3es, e os professores presentes.<\/p>\n<p class=\"wp-block-paragraph\">Durante a palestra, Joni Guimar\u00e3es destacou a import\u00e2ncia da observ\u00e2ncia das leis municipais, estaduais e nacionais que regem a profiss\u00e3o de educa\u00e7\u00e3o f\u00edsica. Ele ressaltou que tais leis devem ser cumpridas tanto pelos empres\u00e1rios quanto pelos estagi\u00e1rios, incluindo a exig\u00eancia de avalia\u00e7\u00e3o f\u00edsica para iniciar qualquer atividade.<\/p>\n<p class=\"wp-block-paragraph\">\u201cN\u00e3o existe est\u00e1gio sem supervis\u00e3o. Estagi\u00e1rio n\u00e3o tem aluno, estagi\u00e1rio n\u00e3o d\u00e1 aula. Quem d\u00e1 aula e quem tem aluno \u00e9 professor, profissional de Educa\u00e7\u00e3o F\u00edsica. Nenhuma academia pode funcionar sem profissional\u201d, destacou o vice-presidente do CREF11MS, Joni Guimar\u00e3es.<\/p>\n<p class=\"wp-block-paragraph\">A Prof.\u00aa Claudia Diniz\/MS, coordenadora do Comit\u00ea Brasileiro da FIEPS na regi\u00e3o Centro-Oeste, tamb\u00e9m esteve presente para compartilhar conhecimentos sobre \u201cO que \u00e9 FIEPS?\u201d com os estudantes e professores de Educa\u00e7\u00e3o F\u00edsica.<\/p>\n<p class=\"wp-block-paragraph\">Os acad\u00eamicos tiveram a oportunidade de participar ativamente, tirando d\u00favidas e ampliando seu entendimento sobre o tema, enriquecendo assim a experi\u00eancia educacional oferecida pela UCDB.<\/p>\n<figure class=\"wp-block-gallery has-nested-images columns-default is-cropped wp-block-gallery-1 is-layout-flex wp-block-gallery-is-layout-flex\">\n<figure class=\"wp-block-image\"><img alt=\"\" decoding=\"async\" src=\"blob:https:\/\/cref11.org.br\/0252c133-66a7-4115-aa3a-63b3bda8ee38\"\/><\/figure>\n<figure class=\"wp-block-image size-large\"><img fetchpriority=\"high\" alt=\"\" class=\"wp-image-2185\" data-id=\"2185\" decoding=\"async\" height=\"1024\" src=\"https:\/\/nexloo.mx\/cref11\/wp-content\/uploads\/2026\/07\/WhatsApp-Image-2024-03-12-at-12.14.26-1024x1024-1.jpeg\" width=\"1024\"\/><\/figure>\n<figure class=\"wp-block-image size-large\"><img alt=\"\" class=\"wp-image-2184\" data-id=\"2184\" decoding=\"async\" height=\"1024\" src=\"https:\/\/nexloo.mx\/cref11\/wp-content\/uploads\/2026\/07\/WhatsApp-Image-2024-03-12-at-12.14.27-1-1024x1024-1.jpeg\" width=\"1024\"\/><\/figure>\n<figure class=\"wp-block-image size-large\"><img loading=\"lazy\" alt=\"\" class=\"wp-image-2183\" data-id=\"2183\" decoding=\"async\" height=\"1024\" loading=\"lazy\" src=\"https:\/\/nexloo.mx\/cref11\/wp-content\/uploads\/2026\/07\/WhatsApp-Image-2024-03-12-at-12.14.27-1024x1024-1.jpeg\" width=\"1024\"\/><\/figure>\n<figure class=\"wp-block-image\"><img alt=\"\" decoding=\"async\" src=\"blob:https:\/\/cref11.org.br\/c876072d-a588-4bc1-b040-5f05e1a6cef9\"\/><\/figure>\n<\/figure>\n<div class=\"post-tags\">\n<\/div>\n<\/div>\n<p><!-- .comments-area --><br \/>\n<\/main><\/p>\n","protected":false},"excerpt":{"rendered":"<p>Nesta ter\u00e7a-feira, dia 12, o vice-presidente do Conselho Regional de Educa\u00e7\u00e3o F\u00edsica da 11\u00aa Regi\u00e3o (CREF11MS), Joni Guimar\u00e3es, esteve presente na Universidade Cat\u00f3lica Dom Bosco (UCDB) para ministrar uma palestra sobre responsabilidade t\u00e9cnica do profissional de educa\u00e7\u00e3o f\u00edsica. O evento, voltado para acad\u00eamicos da institui\u00e7\u00e3o, foi uma oportunidade para os futuros profissionais entenderem melhor os&#8230;<\/p>\n","protected":false},"author":1,"featured_media":9999,"comment_status":"open","ping_status":"open","sticky":false,"template":"","format":"standard","meta":{"site-sidebar-layout":"default","site-content-layout":"","ast-site-content-layout":"default","site-content-style":"default","site-sidebar-style":"default","ast-global-header-display":"","ast-banner-title-visibility":"","ast-main-header-display":"","ast-hfb-above-header-display":"","ast-hfb-below-header-display":"","ast-hfb-mobile-header-display":"","site-post-title":"","ast-breadcrumbs-content":"","ast-featured-img":"","footer-sml-layout":"","ast-disable-related-posts":"","theme-transparent-header-meta":"","adv-header-id-meta":"","stick-header-meta":"","header-above-stick-meta":"","header-main-stick-meta":"","header-below-stick-meta":"","astra-migrate-meta-layouts":"default","ast-page-background-enabled":"default","ast-page-background-meta":{"desktop":{"background-color":"var(--ast-global-color-5)","background-image":"","background-repeat":"repeat","background-position":"center center","background-size":"auto","background-attachment":"scroll","background-type":"","background-media":"","overlay-type":"","overlay-color":"","overlay-opacity":"","overlay-gradient":""},"tablet":{"background-color":"","background-image":"","background-repeat":"repeat","background-position":"center center","background-size":"auto","background-attachment":"scroll","background-type":"","background-media":"","overlay-type":"","overlay-color":"","overlay-opacity":"","overlay-gradient":""},"mobile":{"background-color":"","background-image":"","background-repeat":"repeat","background-position":"center center","background-size":"auto","background-attachment":"scroll","background-type":"","background-media":"","overlay-type":"","overlay-color":"","overlay-opacity":"","overlay-gradient":""}},"ast-content-background-meta":{"desktop":{"background-color":"var(--ast-global-color-4)","background-image":"","background-repeat":"repeat","background-position":"center center","background-size":"auto","background-attachment":"scroll","background-type":"","background-media":"","overlay-type":"","overlay-color":"","overlay-opacity":"","overlay-gradient":""},"tablet":{"background-color":"var(--ast-global-color-4)","background-image":"","background-repeat":"repeat","background-position":"center center","background-size":"auto","background-attachment":"scroll","background-type":"","background-media":"","overlay-type":"","overlay-color":"","overlay-opacity":"","overlay-gradient":""},"mobile":{"background-color":"var(--ast-global-color-4)","background-image":"","background-repeat":"repeat","background-position":"center center","background-size":"auto","background-attachment":"scroll","background-type":"","background-media":"","overlay-type":"","overlay-color":"","overlay-opacity":"","overlay-gradient":""}},"footnotes":""},"categories":[1],"tags":[],"class_list":["post-289","post","type-post","status-publish","format-standard","has-post-thumbnail","hentry","category-sem-categoria"],"_links":{"self":[{"href":"https:\/\/nexloo.mx\/cref11\/wp-json\/wp\/v2\/posts\/289","targetHints":{"allow":["GET"]}}],"collection":[{"href":"https:\/\/nexloo.mx\/cref11\/wp-json\/wp\/v2\/posts"}],"about":[{"href":"https:\/\/nexloo.mx\/cref11\/wp-json\/wp\/v2\/types\/post"}],"author":[{"embeddable":true,"href":"https:\/\/nexloo.mx\/cref11\/wp-json\/wp\/v2\/users\/1"}],"replies":[{"embeddable":true,"href":"https:\/\/nexloo.mx\/cref11\/wp-json\/wp\/v2\/comments?post=289"}],"version-history":[{"count":0,"href":"https:\/\/nexloo.mx\/cref11\/wp-json\/wp\/v2\/posts\/289\/revisions"}],"wp:featuredmedia":[{"embeddable":true,"href":"https:\/\/nexloo.mx\/cref11\/wp-json\/wp\/v2\/media\/9999"}],"wp:attachment":[{"href":"https:\/\/nexloo.mx\/cref11\/wp-json\/wp\/v2\/media?parent=289"}],"wp:term":[{"taxonomy":"category","embeddable":true,"href":"https:\/\/nexloo.mx\/cref11\/wp-json\/wp\/v2\/categories?post=289"},{"taxonomy":"post_tag","embeddable":true,"href":"https:\/\/nexloo.mx\/cref11\/wp-json\/wp\/v2\/tags?post=289"}],"curies":[{"name":"wp","href":"https:\/\/api.w.org\/{rel}","templated":true}]}}