{"id":312,"date":"2026-07-28T13:19:36","date_gmt":"2026-07-28T13:19:36","guid":{"rendered":"https:\/\/cref11.org.br\/melhora-da-aptidao-fisica-reduz-chance-de-desenvolver-cancer-de-prostata-em-35\/"},"modified":"2026-07-28T13:19:36","modified_gmt":"2026-07-28T13:19:36","slug":"melhora-da-aptidao-fisica-reduz-chance-de-desenvolver-cancer-de-prostata-em-35","status":"publish","type":"post","link":"https:\/\/nexloo.mx\/cref11\/melhora-da-aptidao-fisica-reduz-chance-de-desenvolver-cancer-de-prostata-em-35\/","title":{"rendered":"Melhora da aptid\u00e3o f\u00edsica reduz chance de desenvolver c\u00e2ncer de pr\u00f3stata em 35%"},"content":{"rendered":"<p><main class=\"site-main post-2354 post type-post status-publish format-standard hentry category-noticias\" id=\"content\"><\/p>\n<div class=\"page-content\">\n<p class=\"wp-block-paragraph\">A melhora na aptid\u00e3o f\u00edsica pode reduzir em at\u00e9 35% o risco de desenvolver o c\u00e2ncer de pr\u00f3stata, segundo um estudo publicado no British Journal of Sports Medicine. A descoberta refor\u00e7a que a atividade f\u00edsica \u00e9 importante na preven\u00e7\u00e3o desse c\u00e2ncer, que \u00e9 respons\u00e1vel por 375 mil mortes por ano no mundo, de acordo com a Organiza\u00e7\u00e3o Mundial da Sa\u00fade (OMS).<\/p>\n<p class=\"wp-block-paragraph\">O objetivo do estudo era entender se a melhora na aptid\u00e3o cardiorrespirat\u00f3ria poderia influenciar tanto no risco de desenvolver, quanto no de morrer por c\u00e2ncer de pr\u00f3stata.<\/p>\n<p class=\"wp-block-paragraph\">Para isso, os pesquisadores coletaram informa\u00e7\u00f5es sobre estilo de vida, percep\u00e7\u00e3o de sa\u00fade, massa corporal e altura de um banco de dados do Reino Unido. Al\u00e9m disso, eles consultaram os resultados de, pelo menos, dois testes de aptid\u00e3o cardiorrespirat\u00f3ria, realizados em bicicleta ergom\u00e9trica.<\/p>\n<p class=\"wp-block-paragraph\">No total, foram avaliados dados de 181.673 homens, dos quais 57.652 realizaram os exames de aptid\u00e3o. Durante um per\u00edodo de quase 7 anos, 592 participantes foram diagnosticados com c\u00e2ncer de pr\u00f3stata e 46 morreram da doen\u00e7a.<\/p>\n<p class=\"wp-block-paragraph\">O que mostram os resultados do estudo?<br \/>De acordo com os pesquisadores, o aumento percentual anual na aptid\u00e3o f\u00edsica foi associado a um risco 2% menor de c\u00e2ncer de pr\u00f3stata, mas n\u00e3o de morte. Tamb\u00e9m foram contabilizados fatores que poderiam influenciar no desenvolvimento da doen\u00e7a, como idade, peso (IMC) e tabagismo.<\/p>\n<p class=\"wp-block-paragraph\">Para avalia\u00e7\u00e3o dos resultados, a pesquisa dividiu, ainda, os participantes em tr\u00eas grupos: aqueles cuja aptid\u00e3o f\u00edsica aumentou durante o per\u00edodo do estudo; aqueles que a mantiveram est\u00e1vel, e aqueles que tiveram redu\u00e7\u00e3o na capacidade f\u00edsica. A medida utilizada para a aptid\u00e3o \u00e9 a quantidade (volume) de oxig\u00eanio que o corpo utiliza durante exerc\u00edcios de alta intensidade.<\/p>\n<p class=\"wp-block-paragraph\">De acordo com o estudo, os participantes que aumentaram em 3% ou mais a aptid\u00e3o f\u00edsica por ano tinham 35% menos chance de desenvolver c\u00e2ncer de pr\u00f3stata em compara\u00e7\u00e3o com aqueles que tiveram a capacidade cardiorrespirat\u00f3ria diminu\u00edda.<\/p>\n<p class=\"wp-block-paragraph\">Fonte: CNN Brasil<\/p>\n<figure class=\"wp-block-image size-full\"><img fetchpriority=\"high\" alt=\"\" class=\"wp-image-2355\" decoding=\"async\" height=\"458\" src=\"https:\/\/nexloo.mx\/cref11\/wp-content\/uploads\/2024\/04\/image-9.png\" width=\"461\"\/><\/figure>\n<div class=\"post-tags\">\n<\/div>\n<\/div>\n<p><!-- .comments-area --><br \/>\n<\/main><\/p>\n","protected":false},"excerpt":{"rendered":"<p>A melhora na aptid\u00e3o f\u00edsica pode reduzir em at\u00e9 35% o risco de desenvolver o c\u00e2ncer de pr\u00f3stata, segundo um estudo publicado no British Journal of Sports Medicine. A descoberta refor\u00e7a que a atividade f\u00edsica \u00e9 importante na preven\u00e7\u00e3o desse c\u00e2ncer, que \u00e9 respons\u00e1vel por 375 mil mortes por ano no mundo, de acordo com&#8230;<\/p>\n","protected":false},"author":1,"featured_media":10477,"comment_status":"open","ping_status":"open","sticky":false,"template":"","format":"standard","meta":{"site-sidebar-layout":"default","site-content-layout":"","ast-site-content-layout":"default","site-content-style":"default","site-sidebar-style":"default","ast-global-header-display":"","ast-banner-title-visibility":"","ast-main-header-display":"","ast-hfb-above-header-display":"","ast-hfb-below-header-display":"","ast-hfb-mobile-header-display":"","site-post-title":"","ast-breadcrumbs-content":"","ast-featured-img":"","footer-sml-layout":"","ast-disable-related-posts":"","theme-transparent-header-meta":"","adv-header-id-meta":"","stick-header-meta":"","header-above-stick-meta":"","header-main-stick-meta":"","header-below-stick-meta":"","astra-migrate-meta-layouts":"default","ast-page-background-enabled":"default","ast-page-background-meta":{"desktop":{"background-color":"var(--ast-global-color-5)","background-image":"","background-repeat":"repeat","background-position":"center center","background-size":"auto","background-attachment":"scroll","background-type":"","background-media":"","overlay-type":"","overlay-color":"","overlay-opacity":"","overlay-gradient":""},"tablet":{"background-color":"","background-image":"","background-repeat":"repeat","background-position":"center center","background-size":"auto","background-attachment":"scroll","background-type":"","background-media":"","overlay-type":"","overlay-color":"","overlay-opacity":"","overlay-gradient":""},"mobile":{"background-color":"","background-image":"","background-repeat":"repeat","background-position":"center center","background-size":"auto","background-attachment":"scroll","background-type":"","background-media":"","overlay-type":"","overlay-color":"","overlay-opacity":"","overlay-gradient":""}},"ast-content-background-meta":{"desktop":{"background-color":"var(--ast-global-color-4)","background-image":"","background-repeat":"repeat","background-position":"center center","background-size":"auto","background-attachment":"scroll","background-type":"","background-media":"","overlay-type":"","overlay-color":"","overlay-opacity":"","overlay-gradient":""},"tablet":{"background-color":"var(--ast-global-color-4)","background-image":"","background-repeat":"repeat","background-position":"center center","background-size":"auto","background-attachment":"scroll","background-type":"","background-media":"","overlay-type":"","overlay-color":"","overlay-opacity":"","overlay-gradient":""},"mobile":{"background-color":"var(--ast-global-color-4)","background-image":"","background-repeat":"repeat","background-position":"center center","background-size":"auto","background-attachment":"scroll","background-type":"","background-media":"","overlay-type":"","overlay-color":"","overlay-opacity":"","overlay-gradient":""}},"footnotes":""},"categories":[1],"tags":[],"class_list":["post-312","post","type-post","status-publish","format-standard","has-post-thumbnail","hentry","category-sem-categoria"],"_links":{"self":[{"href":"https:\/\/nexloo.mx\/cref11\/wp-json\/wp\/v2\/posts\/312","targetHints":{"allow":["GET"]}}],"collection":[{"href":"https:\/\/nexloo.mx\/cref11\/wp-json\/wp\/v2\/posts"}],"about":[{"href":"https:\/\/nexloo.mx\/cref11\/wp-json\/wp\/v2\/types\/post"}],"author":[{"embeddable":true,"href":"https:\/\/nexloo.mx\/cref11\/wp-json\/wp\/v2\/users\/1"}],"replies":[{"embeddable":true,"href":"https:\/\/nexloo.mx\/cref11\/wp-json\/wp\/v2\/comments?post=312"}],"version-history":[{"count":0,"href":"https:\/\/nexloo.mx\/cref11\/wp-json\/wp\/v2\/posts\/312\/revisions"}],"wp:featuredmedia":[{"embeddable":true,"href":"https:\/\/nexloo.mx\/cref11\/wp-json\/wp\/v2\/media\/10477"}],"wp:attachment":[{"href":"https:\/\/nexloo.mx\/cref11\/wp-json\/wp\/v2\/media?parent=312"}],"wp:term":[{"taxonomy":"category","embeddable":true,"href":"https:\/\/nexloo.mx\/cref11\/wp-json\/wp\/v2\/categories?post=312"},{"taxonomy":"post_tag","embeddable":true,"href":"https:\/\/nexloo.mx\/cref11\/wp-json\/wp\/v2\/tags?post=312"}],"curies":[{"name":"wp","href":"https:\/\/api.w.org\/{rel}","templated":true}]}}