{"id":313,"date":"2026-07-28T13:19:36","date_gmt":"2026-07-28T13:19:36","guid":{"rendered":"https:\/\/cref11.org.br\/presidente-do-cref11-ms-participa-de-audiencia-publica\/"},"modified":"2026-07-28T13:19:36","modified_gmt":"2026-07-28T13:19:36","slug":"presidente-do-cref11ms-participa-de-audiencia-publica","status":"publish","type":"post","link":"https:\/\/nexloo.mx\/cref11\/presidente-do-cref11ms-participa-de-audiencia-publica\/","title":{"rendered":"Presidente do CREF11\/MS participa de Audi\u00eancia P\u00fablica"},"content":{"rendered":"<p><main class=\"site-main post-2359 post type-post status-publish format-standard hentry category-legislacao\" id=\"content\"><\/p>\n<div class=\"page-content\">\n<p class=\"wp-block-paragraph\">Nessa quarta-feira, 10 de abril, a presidente do Conselho Regional de Educa\u00e7\u00e3o F\u00edsica da 11\u00aa Regi\u00e3o (CREF11\/MS), Eliana de Mattos Carvalho, esteve em Corumb\u00e1 para uma s\u00e9rie de atividades relacionadas \u00e0 valoriza\u00e7\u00e3o da Educa\u00e7\u00e3o F\u00edsica no munic\u00edpio.<\/p>\n<p class=\"wp-block-paragraph\">Durante a visita \u00e0 Universidade Federal de Mato Grosso do Sul (UFMS) no campus de Corumb\u00e1, a presidente reuniu com a equipe da Educa\u00e7\u00e3o F\u00edsica para alinhar parceria para realiza\u00e7\u00e3o de palestra sobre registro, est\u00e1gio supervisionado, est\u00e1gio remunerado, mercado de trabalho, direitos e deveres do estagi\u00e1rio para os acad\u00eamicos da Institui\u00e7\u00e3o. O CREF11 Itinerante tamb\u00e9m estar\u00e1 presente, oferecendo acesso a servi\u00e7os e orienta\u00e7\u00f5es aos profissionais.<\/p>\n<p class=\"wp-block-paragraph\">Em seguida, a presidente participou de uma audi\u00eancia p\u00fablica na C\u00e2mara Municipal de Corumb\u00e1, a convite do vereador Chic\u00e3o Vianna, para discutir a cria\u00e7\u00e3o do Sistema Municipal de Esporte conforme a Lei Geral do Esporte.<\/p>\n<p class=\"wp-block-paragraph\">Na ocasi\u00e3o, Eliana destacou a import\u00e2ncia da iniciativa: \u201cRecebi o convite do vereador Chic\u00e3o, propositor da audi\u00eancia p\u00fablica, aceitei prontamente pela amizade e parceria dos corumbaenses, e por considerar que criar um Sistema Municipal de Esporte e Lazer garantir\u00e1 fundos para o desenvolvimento do esporte em Corumb\u00e1\u201d.<\/p>\n<p class=\"wp-block-paragraph\">Na audi\u00eancia, Eliana de Mattos encontrou grandes profissionais de Educa\u00e7\u00e3o F\u00edsica de Corumb\u00e1, como o Prof. Wagner Pereira, o Prof. Raul Delgado, a Prof. Silvia Baruki, Prof. Rodrigo Terra, que palestrou sobre Pol\u00edtica P\u00fablica de Esporte e Lazer, e o coordenador do curso de Educa\u00e7\u00e3o F\u00edsica da UFMS Campus Corumb\u00e1, Prof. Rog\u00e9rio Zaim. Al\u00e9m disso, atletas de diversas modalidades esportivas, acad\u00eamicos e membros da sociedade local que trabalham com esporte tamb\u00e9m participaram da discuss\u00e3o.<\/p>\n<figure class=\"wp-block-gallery has-nested-images columns-default is-cropped wp-block-gallery-1 is-layout-flex wp-block-gallery-is-layout-flex\">\n<figure class=\"wp-block-image size-large\"><img fetchpriority=\"high\" alt=\"\" class=\"wp-image-2362\" data-id=\"2362\" decoding=\"async\" height=\"1024\" src=\"https:\/\/nexloo.mx\/cref11\/wp-content\/uploads\/2026\/07\/9-1024x1024-1.png\" width=\"1024\"\/><\/figure>\n<figure class=\"wp-block-image size-large\"><img alt=\"\" class=\"wp-image-2363\" data-id=\"2363\" decoding=\"async\" height=\"1024\" src=\"https:\/\/nexloo.mx\/cref11\/wp-content\/uploads\/2026\/07\/10-1024x1024-1.png\" width=\"1024\"\/><\/figure>\n<figure class=\"wp-block-image size-large\"><img loading=\"lazy\" alt=\"\" class=\"wp-image-2361\" data-id=\"2361\" decoding=\"async\" height=\"1024\" loading=\"lazy\" src=\"https:\/\/nexloo.mx\/cref11\/wp-content\/uploads\/2026\/07\/11-1024x1024-1.png\" width=\"1024\"\/><\/figure>\n<figure class=\"wp-block-image size-large\"><img loading=\"lazy\" alt=\"\" class=\"wp-image-2360\" data-id=\"2360\" decoding=\"async\" height=\"1024\" loading=\"lazy\" src=\"https:\/\/nexloo.mx\/cref11\/wp-content\/uploads\/2026\/07\/13-1024x1024-1.png\" width=\"1024\"\/><\/figure>\n<figure class=\"wp-block-image size-large\"><img loading=\"lazy\" alt=\"\" class=\"wp-image-2364\" data-id=\"2364\" decoding=\"async\" height=\"1024\" loading=\"lazy\" src=\"https:\/\/nexloo.mx\/cref11\/wp-content\/uploads\/2026\/07\/14-1024x1024-1.png\" width=\"1024\"\/><\/figure>\n<figure class=\"wp-block-image size-large\"><img loading=\"lazy\" alt=\"\" class=\"wp-image-2365\" data-id=\"2365\" decoding=\"async\" height=\"1024\" loading=\"lazy\" src=\"https:\/\/nexloo.mx\/cref11\/wp-content\/uploads\/2026\/07\/15-1024x1024-1.png\" width=\"1024\"\/><\/figure>\n<figure class=\"wp-block-image size-large\"><img loading=\"lazy\" alt=\"\" class=\"wp-image-2366\" data-id=\"2366\" decoding=\"async\" height=\"1024\" loading=\"lazy\" src=\"https:\/\/nexloo.mx\/cref11\/wp-content\/uploads\/2026\/07\/16-1024x1024-1.png\" width=\"1024\"\/><\/figure>\n<figure class=\"wp-block-image size-large\"><img loading=\"lazy\" alt=\"\" class=\"wp-image-2368\" data-id=\"2368\" decoding=\"async\" height=\"1024\" loading=\"lazy\" src=\"https:\/\/nexloo.mx\/cref11\/wp-content\/uploads\/2026\/07\/17-1024x1024-1.png\" width=\"1024\"\/><\/figure>\n<figure class=\"wp-block-image size-large\"><img loading=\"lazy\" alt=\"\" class=\"wp-image-2367\" data-id=\"2367\" decoding=\"async\" height=\"1024\" loading=\"lazy\" src=\"https:\/\/nexloo.mx\/cref11\/wp-content\/uploads\/2026\/07\/18-1024x1024-1.png\" width=\"1024\"\/><\/figure>\n<figure class=\"wp-block-image size-large\"><img loading=\"lazy\" alt=\"\" class=\"wp-image-2369\" data-id=\"2369\" decoding=\"async\" height=\"1024\" loading=\"lazy\" src=\"https:\/\/nexloo.mx\/cref11\/wp-content\/uploads\/2026\/07\/19-1024x1024-1.png\" width=\"1024\"\/><\/figure>\n<\/figure>\n<div class=\"post-tags\">\n<\/div>\n<\/div>\n<p><!-- .comments-area --><br \/>\n<\/main><\/p>\n","protected":false},"excerpt":{"rendered":"<p>Nessa quarta-feira, 10 de abril, a presidente do Conselho Regional de Educa\u00e7\u00e3o F\u00edsica da 11\u00aa Regi\u00e3o (CREF11\/MS), Eliana de Mattos Carvalho, esteve em Corumb\u00e1 para uma s\u00e9rie de atividades relacionadas \u00e0 valoriza\u00e7\u00e3o da Educa\u00e7\u00e3o F\u00edsica no munic\u00edpio. Durante a visita \u00e0 Universidade Federal de Mato Grosso do Sul (UFMS) no campus de Corumb\u00e1, a presidente&#8230;<\/p>\n","protected":false},"author":1,"featured_media":10523,"comment_status":"open","ping_status":"open","sticky":false,"template":"","format":"standard","meta":{"site-sidebar-layout":"default","site-content-layout":"","ast-site-content-layout":"default","site-content-style":"default","site-sidebar-style":"default","ast-global-header-display":"","ast-banner-title-visibility":"","ast-main-header-display":"","ast-hfb-above-header-display":"","ast-hfb-below-header-display":"","ast-hfb-mobile-header-display":"","site-post-title":"","ast-breadcrumbs-content":"","ast-featured-img":"","footer-sml-layout":"","ast-disable-related-posts":"","theme-transparent-header-meta":"","adv-header-id-meta":"","stick-header-meta":"","header-above-stick-meta":"","header-main-stick-meta":"","header-below-stick-meta":"","astra-migrate-meta-layouts":"default","ast-page-background-enabled":"default","ast-page-background-meta":{"desktop":{"background-color":"var(--ast-global-color-5)","background-image":"","background-repeat":"repeat","background-position":"center center","background-size":"auto","background-attachment":"scroll","background-type":"","background-media":"","overlay-type":"","overlay-color":"","overlay-opacity":"","overlay-gradient":""},"tablet":{"background-color":"","background-image":"","background-repeat":"repeat","background-position":"center center","background-size":"auto","background-attachment":"scroll","background-type":"","background-media":"","overlay-type":"","overlay-color":"","overlay-opacity":"","overlay-gradient":""},"mobile":{"background-color":"","background-image":"","background-repeat":"repeat","background-position":"center center","background-size":"auto","background-attachment":"scroll","background-type":"","background-media":"","overlay-type":"","overlay-color":"","overlay-opacity":"","overlay-gradient":""}},"ast-content-background-meta":{"desktop":{"background-color":"var(--ast-global-color-4)","background-image":"","background-repeat":"repeat","background-position":"center center","background-size":"auto","background-attachment":"scroll","background-type":"","background-media":"","overlay-type":"","overlay-color":"","overlay-opacity":"","overlay-gradient":""},"tablet":{"background-color":"var(--ast-global-color-4)","background-image":"","background-repeat":"repeat","background-position":"center center","background-size":"auto","background-attachment":"scroll","background-type":"","background-media":"","overlay-type":"","overlay-color":"","overlay-opacity":"","overlay-gradient":""},"mobile":{"background-color":"var(--ast-global-color-4)","background-image":"","background-repeat":"repeat","background-position":"center center","background-size":"auto","background-attachment":"scroll","background-type":"","background-media":"","overlay-type":"","overlay-color":"","overlay-opacity":"","overlay-gradient":""}},"footnotes":""},"categories":[1],"tags":[],"class_list":["post-313","post","type-post","status-publish","format-standard","has-post-thumbnail","hentry","category-sem-categoria"],"_links":{"self":[{"href":"https:\/\/nexloo.mx\/cref11\/wp-json\/wp\/v2\/posts\/313","targetHints":{"allow":["GET"]}}],"collection":[{"href":"https:\/\/nexloo.mx\/cref11\/wp-json\/wp\/v2\/posts"}],"about":[{"href":"https:\/\/nexloo.mx\/cref11\/wp-json\/wp\/v2\/types\/post"}],"author":[{"embeddable":true,"href":"https:\/\/nexloo.mx\/cref11\/wp-json\/wp\/v2\/users\/1"}],"replies":[{"embeddable":true,"href":"https:\/\/nexloo.mx\/cref11\/wp-json\/wp\/v2\/comments?post=313"}],"version-history":[{"count":0,"href":"https:\/\/nexloo.mx\/cref11\/wp-json\/wp\/v2\/posts\/313\/revisions"}],"wp:featuredmedia":[{"embeddable":true,"href":"https:\/\/nexloo.mx\/cref11\/wp-json\/wp\/v2\/media\/10523"}],"wp:attachment":[{"href":"https:\/\/nexloo.mx\/cref11\/wp-json\/wp\/v2\/media?parent=313"}],"wp:term":[{"taxonomy":"category","embeddable":true,"href":"https:\/\/nexloo.mx\/cref11\/wp-json\/wp\/v2\/categories?post=313"},{"taxonomy":"post_tag","embeddable":true,"href":"https:\/\/nexloo.mx\/cref11\/wp-json\/wp\/v2\/tags?post=313"}],"curies":[{"name":"wp","href":"https:\/\/api.w.org\/{rel}","templated":true}]}}