{"id":317,"date":"2026-07-28T13:19:36","date_gmt":"2026-07-28T13:19:36","guid":{"rendered":"https:\/\/cref11.org.br\/comemoracao-dos-25-anos-do-cref4-sp\/"},"modified":"2026-07-28T13:19:36","modified_gmt":"2026-07-28T13:19:36","slug":"comemoracao-dos-25-anos-do-cref4sp","status":"publish","type":"post","link":"https:\/\/nexloo.mx\/cref11\/comemoracao-dos-25-anos-do-cref4sp\/","title":{"rendered":"Comemora\u00e7\u00e3o dos 25 anos do CREF4\/SP"},"content":{"rendered":"<p><main class=\"site-main post-2387 post type-post status-publish format-standard hentry category-noticias\" id=\"content\"><\/p>\n<div class=\"page-content\">\n<p class=\"wp-block-paragraph\">A presidente do CRF-MS, Eliana de Mattos Carvalho, participou, no \u00faltimo s\u00e1bado (13), da inaugura\u00e7\u00e3o da nova Seccional do Cref4\/SP e instala\u00e7\u00e3o da placa comemorativa dos 25 anos do CREF4\/SP e a nomea\u00e7\u00e3o da Seccional em S\u00e3o Jos\u00e9 dos Campos em homenagem ao estimado Prof. Walter Giro Giordano, Comendador da Ordem da Educa\u00e7\u00e3o F\u00edsica \u2014 CREF 000004-G\/SP, uma figura importante na Educa\u00e7\u00e3o F\u00edsica brasileira.<\/p>\n<p class=\"wp-block-paragraph\">O evento foi uma emocionante celebra\u00e7\u00e3o do seu legado, que continua a inspirar diversas gera\u00e7\u00f5es.<\/p>\n<figure class=\"wp-block-gallery has-nested-images columns-default is-cropped wp-block-gallery-1 is-layout-flex wp-block-gallery-is-layout-flex\">\n<figure class=\"wp-block-image size-large\"><img fetchpriority=\"high\" alt=\"\" class=\"wp-image-2389\" data-id=\"2389\" decoding=\"async\" height=\"1024\" src=\"https:\/\/nexloo.mx\/cref11\/wp-content\/uploads\/2026\/07\/WhatsApp-Image-2024-04-15-at-12.52.39-1-1024x1024-1.jpeg\" width=\"1024\"\/><\/figure>\n<figure class=\"wp-block-image size-large\"><img alt=\"\" class=\"wp-image-2390\" data-id=\"2390\" decoding=\"async\" height=\"1024\" src=\"https:\/\/nexloo.mx\/cref11\/wp-content\/uploads\/2026\/07\/WhatsApp-Image-2024-04-15-at-12.52.39-1024x1024-1.jpeg\" width=\"1024\"\/><\/figure>\n<figure class=\"wp-block-image size-large\"><img loading=\"lazy\" alt=\"\" class=\"wp-image-2388\" data-id=\"2388\" decoding=\"async\" height=\"1024\" loading=\"lazy\" src=\"https:\/\/nexloo.mx\/cref11\/wp-content\/uploads\/2026\/07\/WhatsApp-Image-2024-04-15-at-12.52.40-1-1024x1024-1.jpeg\" width=\"1024\"\/><\/figure>\n<figure class=\"wp-block-image size-large\"><img loading=\"lazy\" alt=\"\" class=\"wp-image-2391\" data-id=\"2391\" decoding=\"async\" height=\"1024\" loading=\"lazy\" src=\"https:\/\/nexloo.mx\/cref11\/wp-content\/uploads\/2026\/07\/WhatsApp-Image-2024-04-15-at-12.52.40-1024x1024-1.jpeg\" width=\"1024\"\/><\/figure>\n<\/figure>\n<div class=\"post-tags\">\n<\/div>\n<\/div>\n<p><!-- .comments-area --><br \/>\n<\/main><\/p>\n","protected":false},"excerpt":{"rendered":"<p>A presidente do CRF-MS, Eliana de Mattos Carvalho, participou, no \u00faltimo s\u00e1bado (13), da inaugura\u00e7\u00e3o da nova Seccional do Cref4\/SP e instala\u00e7\u00e3o da placa comemorativa dos 25 anos do CREF4\/SP e a nomea\u00e7\u00e3o da Seccional em S\u00e3o Jos\u00e9 dos Campos em homenagem ao estimado Prof. Walter Giro Giordano, Comendador da Ordem da Educa\u00e7\u00e3o F\u00edsica \u2014&#8230;<\/p>\n","protected":false},"author":1,"featured_media":10541,"comment_status":"open","ping_status":"open","sticky":false,"template":"","format":"standard","meta":{"site-sidebar-layout":"default","site-content-layout":"","ast-site-content-layout":"default","site-content-style":"default","site-sidebar-style":"default","ast-global-header-display":"","ast-banner-title-visibility":"","ast-main-header-display":"","ast-hfb-above-header-display":"","ast-hfb-below-header-display":"","ast-hfb-mobile-header-display":"","site-post-title":"","ast-breadcrumbs-content":"","ast-featured-img":"","footer-sml-layout":"","ast-disable-related-posts":"","theme-transparent-header-meta":"","adv-header-id-meta":"","stick-header-meta":"","header-above-stick-meta":"","header-main-stick-meta":"","header-below-stick-meta":"","astra-migrate-meta-layouts":"default","ast-page-background-enabled":"default","ast-page-background-meta":{"desktop":{"background-color":"var(--ast-global-color-5)","background-image":"","background-repeat":"repeat","background-position":"center center","background-size":"auto","background-attachment":"scroll","background-type":"","background-media":"","overlay-type":"","overlay-color":"","overlay-opacity":"","overlay-gradient":""},"tablet":{"background-color":"","background-image":"","background-repeat":"repeat","background-position":"center center","background-size":"auto","background-attachment":"scroll","background-type":"","background-media":"","overlay-type":"","overlay-color":"","overlay-opacity":"","overlay-gradient":""},"mobile":{"background-color":"","background-image":"","background-repeat":"repeat","background-position":"center center","background-size":"auto","background-attachment":"scroll","background-type":"","background-media":"","overlay-type":"","overlay-color":"","overlay-opacity":"","overlay-gradient":""}},"ast-content-background-meta":{"desktop":{"background-color":"var(--ast-global-color-4)","background-image":"","background-repeat":"repeat","background-position":"center center","background-size":"auto","background-attachment":"scroll","background-type":"","background-media":"","overlay-type":"","overlay-color":"","overlay-opacity":"","overlay-gradient":""},"tablet":{"background-color":"var(--ast-global-color-4)","background-image":"","background-repeat":"repeat","background-position":"center center","background-size":"auto","background-attachment":"scroll","background-type":"","background-media":"","overlay-type":"","overlay-color":"","overlay-opacity":"","overlay-gradient":""},"mobile":{"background-color":"var(--ast-global-color-4)","background-image":"","background-repeat":"repeat","background-position":"center center","background-size":"auto","background-attachment":"scroll","background-type":"","background-media":"","overlay-type":"","overlay-color":"","overlay-opacity":"","overlay-gradient":""}},"footnotes":""},"categories":[1],"tags":[],"class_list":["post-317","post","type-post","status-publish","format-standard","has-post-thumbnail","hentry","category-sem-categoria"],"_links":{"self":[{"href":"https:\/\/nexloo.mx\/cref11\/wp-json\/wp\/v2\/posts\/317","targetHints":{"allow":["GET"]}}],"collection":[{"href":"https:\/\/nexloo.mx\/cref11\/wp-json\/wp\/v2\/posts"}],"about":[{"href":"https:\/\/nexloo.mx\/cref11\/wp-json\/wp\/v2\/types\/post"}],"author":[{"embeddable":true,"href":"https:\/\/nexloo.mx\/cref11\/wp-json\/wp\/v2\/users\/1"}],"replies":[{"embeddable":true,"href":"https:\/\/nexloo.mx\/cref11\/wp-json\/wp\/v2\/comments?post=317"}],"version-history":[{"count":0,"href":"https:\/\/nexloo.mx\/cref11\/wp-json\/wp\/v2\/posts\/317\/revisions"}],"wp:featuredmedia":[{"embeddable":true,"href":"https:\/\/nexloo.mx\/cref11\/wp-json\/wp\/v2\/media\/10541"}],"wp:attachment":[{"href":"https:\/\/nexloo.mx\/cref11\/wp-json\/wp\/v2\/media?parent=317"}],"wp:term":[{"taxonomy":"category","embeddable":true,"href":"https:\/\/nexloo.mx\/cref11\/wp-json\/wp\/v2\/categories?post=317"},{"taxonomy":"post_tag","embeddable":true,"href":"https:\/\/nexloo.mx\/cref11\/wp-json\/wp\/v2\/tags?post=317"}],"curies":[{"name":"wp","href":"https:\/\/api.w.org\/{rel}","templated":true}]}}