{"id":319,"date":"2026-07-28T13:19:36","date_gmt":"2026-07-28T13:19:36","guid":{"rendered":"https:\/\/cref11.org.br\/cref11-ms-alinha-acoes-de-fiscalizacao-conjunta-com-o-crefito-13\/"},"modified":"2026-07-28T13:19:36","modified_gmt":"2026-07-28T13:19:36","slug":"cref11ms-alinha-acoes-de-fiscalizacao-conjunta-com-o-crefito-13","status":"publish","type":"post","link":"https:\/\/nexloo.mx\/cref11\/cref11ms-alinha-acoes-de-fiscalizacao-conjunta-com-o-crefito-13\/","title":{"rendered":"CREF11\/MS alinha a\u00e7\u00f5es de fiscaliza\u00e7\u00e3o conjunta com o CREFITO-13"},"content":{"rendered":"<p><main class=\"site-main post-2400 post type-post status-publish format-standard hentry category-noticias\" id=\"content\"><\/p>\n<div class=\"page-content\">\n<p class=\"wp-block-paragraph\">A presidente do CREF11\/MS, Eliana de Mattos Carvalho, e o tesoureiro Max Willian, participaram, nessa quinta-feira (18), de uma reuni\u00e3o no Crefito 13 (Conselho de Fisioterapia e Terapia Ocupacional de MS).<\/p>\n<p class=\"wp-block-paragraph\">A inten\u00e7\u00e3o da reuni\u00e3o foi alinhar a\u00e7\u00f5es de fiscaliza\u00e7\u00e3o conjunta, planejar eventos que permitem a capacita\u00e7\u00e3o de fiscais e profissionais dos dois Conselhos.<\/p>\n<p class=\"wp-block-paragraph\">Pelo Crefito participaram, o presidente, Renato Nacer, o coordenador do departamento de Fiscaliza\u00e7\u00e3o, Rodrigo Koch, e o coordenador geral, Jos\u00e9 Melo.<\/p>\n<figure class=\"wp-block-image size-large\"><img fetchpriority=\"high\" alt=\"\" class=\"wp-image-2401\" decoding=\"async\" height=\"1024\" src=\"https:\/\/nexloo.mx\/cref11\/wp-content\/uploads\/2026\/07\/WhatsApp-Image-2024-04-19-at-16.31.38-1024x1024-1.jpeg\" width=\"1024\"\/><\/figure>\n<div class=\"post-tags\">\n<\/div>\n<\/div>\n<p><!-- .comments-area --><br \/>\n<\/main><\/p>\n","protected":false},"excerpt":{"rendered":"<p>A presidente do CREF11\/MS, Eliana de Mattos Carvalho, e o tesoureiro Max Willian, participaram, nessa quinta-feira (18), de uma reuni\u00e3o no Crefito 13 (Conselho de Fisioterapia e Terapia Ocupacional de MS). A inten\u00e7\u00e3o da reuni\u00e3o foi alinhar a\u00e7\u00f5es de fiscaliza\u00e7\u00e3o conjunta, planejar eventos que permitem a capacita\u00e7\u00e3o de fiscais e profissionais dos dois Conselhos. Pelo&#8230;<\/p>\n","protected":false},"author":1,"featured_media":10546,"comment_status":"open","ping_status":"open","sticky":false,"template":"","format":"standard","meta":{"site-sidebar-layout":"default","site-content-layout":"","ast-site-content-layout":"default","site-content-style":"default","site-sidebar-style":"default","ast-global-header-display":"","ast-banner-title-visibility":"","ast-main-header-display":"","ast-hfb-above-header-display":"","ast-hfb-below-header-display":"","ast-hfb-mobile-header-display":"","site-post-title":"","ast-breadcrumbs-content":"","ast-featured-img":"","footer-sml-layout":"","ast-disable-related-posts":"","theme-transparent-header-meta":"","adv-header-id-meta":"","stick-header-meta":"","header-above-stick-meta":"","header-main-stick-meta":"","header-below-stick-meta":"","astra-migrate-meta-layouts":"default","ast-page-background-enabled":"default","ast-page-background-meta":{"desktop":{"background-color":"var(--ast-global-color-5)","background-image":"","background-repeat":"repeat","background-position":"center center","background-size":"auto","background-attachment":"scroll","background-type":"","background-media":"","overlay-type":"","overlay-color":"","overlay-opacity":"","overlay-gradient":""},"tablet":{"background-color":"","background-image":"","background-repeat":"repeat","background-position":"center center","background-size":"auto","background-attachment":"scroll","background-type":"","background-media":"","overlay-type":"","overlay-color":"","overlay-opacity":"","overlay-gradient":""},"mobile":{"background-color":"","background-image":"","background-repeat":"repeat","background-position":"center center","background-size":"auto","background-attachment":"scroll","background-type":"","background-media":"","overlay-type":"","overlay-color":"","overlay-opacity":"","overlay-gradient":""}},"ast-content-background-meta":{"desktop":{"background-color":"var(--ast-global-color-4)","background-image":"","background-repeat":"repeat","background-position":"center center","background-size":"auto","background-attachment":"scroll","background-type":"","background-media":"","overlay-type":"","overlay-color":"","overlay-opacity":"","overlay-gradient":""},"tablet":{"background-color":"var(--ast-global-color-4)","background-image":"","background-repeat":"repeat","background-position":"center center","background-size":"auto","background-attachment":"scroll","background-type":"","background-media":"","overlay-type":"","overlay-color":"","overlay-opacity":"","overlay-gradient":""},"mobile":{"background-color":"var(--ast-global-color-4)","background-image":"","background-repeat":"repeat","background-position":"center center","background-size":"auto","background-attachment":"scroll","background-type":"","background-media":"","overlay-type":"","overlay-color":"","overlay-opacity":"","overlay-gradient":""}},"footnotes":""},"categories":[1],"tags":[],"class_list":["post-319","post","type-post","status-publish","format-standard","has-post-thumbnail","hentry","category-sem-categoria"],"_links":{"self":[{"href":"https:\/\/nexloo.mx\/cref11\/wp-json\/wp\/v2\/posts\/319","targetHints":{"allow":["GET"]}}],"collection":[{"href":"https:\/\/nexloo.mx\/cref11\/wp-json\/wp\/v2\/posts"}],"about":[{"href":"https:\/\/nexloo.mx\/cref11\/wp-json\/wp\/v2\/types\/post"}],"author":[{"embeddable":true,"href":"https:\/\/nexloo.mx\/cref11\/wp-json\/wp\/v2\/users\/1"}],"replies":[{"embeddable":true,"href":"https:\/\/nexloo.mx\/cref11\/wp-json\/wp\/v2\/comments?post=319"}],"version-history":[{"count":0,"href":"https:\/\/nexloo.mx\/cref11\/wp-json\/wp\/v2\/posts\/319\/revisions"}],"wp:featuredmedia":[{"embeddable":true,"href":"https:\/\/nexloo.mx\/cref11\/wp-json\/wp\/v2\/media\/10546"}],"wp:attachment":[{"href":"https:\/\/nexloo.mx\/cref11\/wp-json\/wp\/v2\/media?parent=319"}],"wp:term":[{"taxonomy":"category","embeddable":true,"href":"https:\/\/nexloo.mx\/cref11\/wp-json\/wp\/v2\/categories?post=319"},{"taxonomy":"post_tag","embeddable":true,"href":"https:\/\/nexloo.mx\/cref11\/wp-json\/wp\/v2\/tags?post=319"}],"curies":[{"name":"wp","href":"https:\/\/api.w.org\/{rel}","templated":true}]}}