{"id":334,"date":"2026-07-28T13:19:36","date_gmt":"2026-07-28T13:19:36","guid":{"rendered":"https:\/\/cref11.org.br\/atencao-profissionais-de-educacao-fisica-participe-das-reunioes-do-cref11-ms\/"},"modified":"2026-07-28T13:19:36","modified_gmt":"2026-07-28T13:19:36","slug":"atencao-profissionais-de-educacao-fisica-candidatos-a-vereadora-e-candidatos-a-p","status":"publish","type":"post","link":"https:\/\/nexloo.mx\/cref11\/atencao-profissionais-de-educacao-fisica-candidatos-a-vereadora-e-candidatos-a-p\/","title":{"rendered":"Aten\u00e7\u00e3o, profissionais de Educa\u00e7\u00e3o F\u00edsica candidatos a vereador(a) e candidatos a Prefeitura!"},"content":{"rendered":"<p><main class=\"site-main post-2930 post type-post status-publish format-standard hentry category-noticias\" id=\"content\"><\/p>\n<div class=\"page-content\">\n<figure class=\"wp-block-image size-large\"><img fetchpriority=\"high\" alt=\"\" class=\"wp-image-2933\" decoding=\"async\" height=\"450\" src=\"https:\/\/nexloo.mx\/cref11\/wp-content\/uploads\/2026\/07\/Banner2-1024x450-1.jpg\" width=\"1024\"\/><\/figure>\n<p class=\"wp-block-paragraph\">Se voc\u00ea deseja participar ativamente no desenvolvimento da profiss\u00e3o, propondo melhorias e ideias inovadoras para o setor, este \u00e9 o momento.<br \/>Nos pr\u00f3ximos dias, o CREF11\/MS ir\u00e1 organizar reuni\u00f5es para ouvir e debater propostas, da mesma forma como foi feito com os candidatos ao Governo nas elei\u00e7\u00f5es anteriores. <\/p>\n<p class=\"wp-block-paragraph\">Para participar, encaminhe suas solicita\u00e7\u00f5es para o e-mail:<strong> <a href=\"mailto:direx@cref11.org.br\">direx@cref11.org.br<\/a><\/strong><\/p>\n<p class=\"wp-block-paragraph\">\n<div class=\"post-tags\">\n<\/div>\n<\/div>\n<p><!-- .comments-area --><br \/>\n<\/main><\/p>\n","protected":false},"excerpt":{"rendered":"<p>Se voc\u00ea deseja participar ativamente no desenvolvimento da profiss\u00e3o, propondo melhorias e ideias inovadoras para o setor, este \u00e9 o momento. Nos pr\u00f3ximos dias, o CREF11\/MS ir\u00e1 organizar reuni\u00f5es para ouvir e debater propostas, da mesma forma como foi feito com os candidatos ao Governo nas elei\u00e7\u00f5es anteriores. Para participar, encaminhe suas solicita\u00e7\u00f5es para o&#8230;<\/p>\n","protected":false},"author":1,"featured_media":10571,"comment_status":"open","ping_status":"open","sticky":false,"template":"","format":"standard","meta":{"site-sidebar-layout":"default","site-content-layout":"","ast-site-content-layout":"default","site-content-style":"default","site-sidebar-style":"default","ast-global-header-display":"","ast-banner-title-visibility":"","ast-main-header-display":"","ast-hfb-above-header-display":"","ast-hfb-below-header-display":"","ast-hfb-mobile-header-display":"","site-post-title":"","ast-breadcrumbs-content":"","ast-featured-img":"","footer-sml-layout":"","ast-disable-related-posts":"","theme-transparent-header-meta":"","adv-header-id-meta":"","stick-header-meta":"","header-above-stick-meta":"","header-main-stick-meta":"","header-below-stick-meta":"","astra-migrate-meta-layouts":"default","ast-page-background-enabled":"default","ast-page-background-meta":{"desktop":{"background-color":"var(--ast-global-color-5)","background-image":"","background-repeat":"repeat","background-position":"center center","background-size":"auto","background-attachment":"scroll","background-type":"","background-media":"","overlay-type":"","overlay-color":"","overlay-opacity":"","overlay-gradient":""},"tablet":{"background-color":"","background-image":"","background-repeat":"repeat","background-position":"center center","background-size":"auto","background-attachment":"scroll","background-type":"","background-media":"","overlay-type":"","overlay-color":"","overlay-opacity":"","overlay-gradient":""},"mobile":{"background-color":"","background-image":"","background-repeat":"repeat","background-position":"center center","background-size":"auto","background-attachment":"scroll","background-type":"","background-media":"","overlay-type":"","overlay-color":"","overlay-opacity":"","overlay-gradient":""}},"ast-content-background-meta":{"desktop":{"background-color":"var(--ast-global-color-4)","background-image":"","background-repeat":"repeat","background-position":"center center","background-size":"auto","background-attachment":"scroll","background-type":"","background-media":"","overlay-type":"","overlay-color":"","overlay-opacity":"","overlay-gradient":""},"tablet":{"background-color":"var(--ast-global-color-4)","background-image":"","background-repeat":"repeat","background-position":"center center","background-size":"auto","background-attachment":"scroll","background-type":"","background-media":"","overlay-type":"","overlay-color":"","overlay-opacity":"","overlay-gradient":""},"mobile":{"background-color":"var(--ast-global-color-4)","background-image":"","background-repeat":"repeat","background-position":"center center","background-size":"auto","background-attachment":"scroll","background-type":"","background-media":"","overlay-type":"","overlay-color":"","overlay-opacity":"","overlay-gradient":""}},"footnotes":""},"categories":[1],"tags":[],"class_list":["post-334","post","type-post","status-publish","format-standard","has-post-thumbnail","hentry","category-sem-categoria"],"_links":{"self":[{"href":"https:\/\/nexloo.mx\/cref11\/wp-json\/wp\/v2\/posts\/334","targetHints":{"allow":["GET"]}}],"collection":[{"href":"https:\/\/nexloo.mx\/cref11\/wp-json\/wp\/v2\/posts"}],"about":[{"href":"https:\/\/nexloo.mx\/cref11\/wp-json\/wp\/v2\/types\/post"}],"author":[{"embeddable":true,"href":"https:\/\/nexloo.mx\/cref11\/wp-json\/wp\/v2\/users\/1"}],"replies":[{"embeddable":true,"href":"https:\/\/nexloo.mx\/cref11\/wp-json\/wp\/v2\/comments?post=334"}],"version-history":[{"count":0,"href":"https:\/\/nexloo.mx\/cref11\/wp-json\/wp\/v2\/posts\/334\/revisions"}],"wp:featuredmedia":[{"embeddable":true,"href":"https:\/\/nexloo.mx\/cref11\/wp-json\/wp\/v2\/media\/10571"}],"wp:attachment":[{"href":"https:\/\/nexloo.mx\/cref11\/wp-json\/wp\/v2\/media?parent=334"}],"wp:term":[{"taxonomy":"category","embeddable":true,"href":"https:\/\/nexloo.mx\/cref11\/wp-json\/wp\/v2\/categories?post=334"},{"taxonomy":"post_tag","embeddable":true,"href":"https:\/\/nexloo.mx\/cref11\/wp-json\/wp\/v2\/tags?post=334"}],"curies":[{"name":"wp","href":"https:\/\/api.w.org\/{rel}","templated":true}]}}