{"id":359,"date":"2026-07-28T13:19:36","date_gmt":"2026-07-28T13:19:36","guid":{"rendered":"https:\/\/cref11.org.br\/cref11-ms-participa-do-encontro-de-gestao-do-sistema-confef-cref-e-tcu-em-brasilia\/"},"modified":"2026-07-28T13:19:36","modified_gmt":"2026-07-28T13:19:36","slug":"cref11ms-participa-do-encontro-de-gestao-do-sistema-confefcref-e-tcu-em-brasilia","status":"publish","type":"post","link":"https:\/\/nexloo.mx\/cref11\/cref11ms-participa-do-encontro-de-gestao-do-sistema-confefcref-e-tcu-em-brasilia\/","title":{"rendered":"CREF11\/MS participa do Encontro de Gest\u00e3o do Sistema CONFEF\/CREF e TCU em Bras\u00edlia"},"content":{"rendered":"<p><main class=\"site-main post-3348 post type-post status-publish format-standard has-post-thumbnail hentry category-noticias\" id=\"content\"><\/p>\n<div class=\"page-content\">\n<div class=\"wp-block-image\">\n<figure class=\"aligncenter size-large\"><img fetchpriority=\"high\" alt=\"\" class=\"wp-image-3349\" decoding=\"async\" height=\"605\" src=\"https:\/\/nexloo.mx\/cref11\/wp-content\/uploads\/2026\/07\/WhatsApp-Image-2025-02-15-at-13.31.01-e1739656559548-1024x605-1.jpeg\" width=\"1024\"\/><\/figure>\n<\/div>\n<p class=\"wp-block-paragraph\">Na \u00faltima semana, a Diretoria do Conselho Regional de Educa\u00e7\u00e3o F\u00edsica da 11\u00aa Regi\u00e3o (<strong>CREF11\/MS<\/strong>) esteve em Bras\u00edlia para participar do \u201cEncontro de Gest\u00e3o: Diretorias do Sistema <strong>CONFEF\/CREF<\/strong> e<strong> TCU<\/strong>\u201d.\u00a0<\/p>\n<p class=\"wp-block-paragraph\">O evento teve como objetivo fortalecer a transpar\u00eancia, a efici\u00eancia e a fiscaliza\u00e7\u00e3o dos Conselhos Profissionais, promovendo uma gest\u00e3o cada vez mais proativa e alinhada com as melhores pr\u00e1ticas administrativas.<\/p>\n<p class=\"wp-block-paragraph\">Representando o <strong>CREF11\/MS<\/strong>, o Presidente Joni Guimar\u00e3es teve uma participa\u00e7\u00e3o ativa nos debates e discuss\u00f5es, contribuindo com insights relevantes para o aprimoramento das a\u00e7\u00f5es do Conselho. Al\u00e9m dele, outros membros da diretoria tamb\u00e9m marcaram presen\u00e7a no evento, refor\u00e7ando o compromisso da institui\u00e7\u00e3o com a valoriza\u00e7\u00e3o da profiss\u00e3o de Educa\u00e7\u00e3o F\u00edsica e o aprimoramento da gest\u00e3o p\u00fablica.<\/p>\n<p class=\"wp-block-paragraph\">Dentre os principais temas abordados durante o encontro, destacam-se:<\/p>\n<ul class=\"wp-block-list\">\n<li>O relacionamento entre o Tribunal de Contas da Uni\u00e3o (<strong>TCU<\/strong>) e os Conselhos Profissionais;<\/li>\n<li>Estrat\u00e9gias para tornar a fiscaliza\u00e7\u00e3o mais eficiente e proativa;<\/li>\n<li>Medidas para aprimorar a transpar\u00eancia e efici\u00eancia na gest\u00e3o do Sistema<strong> CONFEF\/CREFs<\/strong>;<\/li>\n<li>Atualiza\u00e7\u00f5es normativas e resolu\u00e7\u00f5es administrativas que impactam diretamente a atua\u00e7\u00e3o dos Conselhos;<\/li>\n<li>Gest\u00e3o de projetos vinculados ao Fundo de Desenvolvimento dos <strong>CREFs<\/strong>.<\/li>\n<\/ul>\n<p class=\"wp-block-paragraph\">A participa\u00e7\u00e3o do <strong>CREF11\/MS<\/strong> neste encontro demonstra o comprometimento do Conselho com a qualifica\u00e7\u00e3o da gest\u00e3o e a busca por melhores pr\u00e1ticas de governan\u00e7a.\u00a0<\/p>\n<p class=\"wp-block-paragraph\">O alinhamento com as diretrizes nacionais e a troca de experi\u00eancias com outros Conselhos Regionais s\u00e3o essenciais para fortalecer a atua\u00e7\u00e3o do <strong>CREF11\/MS<\/strong> em benef\u00edcio dos profissionais de Educa\u00e7\u00e3o F\u00edsica e da sociedade.<\/p>\n<p class=\"wp-block-paragraph\">Seguimos trabalhando para garantir um Conselho cada vez mais transparente, eficiente e comprometido com o desenvolvimento da Educa\u00e7\u00e3o F\u00edsica em nossa regi\u00e3o.<\/p>\n<p class=\"wp-block-paragraph\">\n<div class=\"post-tags\">\n<\/div>\n<\/div>\n<p><!-- .comments-area --><br \/>\n<\/main><\/p>\n","protected":false},"excerpt":{"rendered":"<p>Na \u00faltima semana, a Diretoria do Conselho Regional de Educa\u00e7\u00e3o F\u00edsica da 11\u00aa Regi\u00e3o ( CREF11\/MS ) esteve em Bras\u00edlia para participar do \u201cEncontro de Gest\u00e3o: Diretorias do Sistema CONFEF\/CREF e TCU \u201d. O evento teve como objetivo fortalecer a transpar\u00eancia, a efici\u00eancia e a fiscaliza\u00e7\u00e3o dos Conselhos Profissionais, promovendo uma gest\u00e3o cada vez mais&#8230;<\/p>\n","protected":false},"author":1,"featured_media":10609,"comment_status":"open","ping_status":"open","sticky":false,"template":"","format":"standard","meta":{"site-sidebar-layout":"default","site-content-layout":"","ast-site-content-layout":"default","site-content-style":"default","site-sidebar-style":"default","ast-global-header-display":"","ast-banner-title-visibility":"","ast-main-header-display":"","ast-hfb-above-header-display":"","ast-hfb-below-header-display":"","ast-hfb-mobile-header-display":"","site-post-title":"","ast-breadcrumbs-content":"","ast-featured-img":"","footer-sml-layout":"","ast-disable-related-posts":"","theme-transparent-header-meta":"","adv-header-id-meta":"","stick-header-meta":"","header-above-stick-meta":"","header-main-stick-meta":"","header-below-stick-meta":"","astra-migrate-meta-layouts":"default","ast-page-background-enabled":"default","ast-page-background-meta":{"desktop":{"background-color":"var(--ast-global-color-5)","background-image":"","background-repeat":"repeat","background-position":"center center","background-size":"auto","background-attachment":"scroll","background-type":"","background-media":"","overlay-type":"","overlay-color":"","overlay-opacity":"","overlay-gradient":""},"tablet":{"background-color":"","background-image":"","background-repeat":"repeat","background-position":"center center","background-size":"auto","background-attachment":"scroll","background-type":"","background-media":"","overlay-type":"","overlay-color":"","overlay-opacity":"","overlay-gradient":""},"mobile":{"background-color":"","background-image":"","background-repeat":"repeat","background-position":"center center","background-size":"auto","background-attachment":"scroll","background-type":"","background-media":"","overlay-type":"","overlay-color":"","overlay-opacity":"","overlay-gradient":""}},"ast-content-background-meta":{"desktop":{"background-color":"var(--ast-global-color-4)","background-image":"","background-repeat":"repeat","background-position":"center center","background-size":"auto","background-attachment":"scroll","background-type":"","background-media":"","overlay-type":"","overlay-color":"","overlay-opacity":"","overlay-gradient":""},"tablet":{"background-color":"var(--ast-global-color-4)","background-image":"","background-repeat":"repeat","background-position":"center center","background-size":"auto","background-attachment":"scroll","background-type":"","background-media":"","overlay-type":"","overlay-color":"","overlay-opacity":"","overlay-gradient":""},"mobile":{"background-color":"var(--ast-global-color-4)","background-image":"","background-repeat":"repeat","background-position":"center center","background-size":"auto","background-attachment":"scroll","background-type":"","background-media":"","overlay-type":"","overlay-color":"","overlay-opacity":"","overlay-gradient":""}},"footnotes":""},"categories":[1],"tags":[],"class_list":["post-359","post","type-post","status-publish","format-standard","has-post-thumbnail","hentry","category-sem-categoria"],"_links":{"self":[{"href":"https:\/\/nexloo.mx\/cref11\/wp-json\/wp\/v2\/posts\/359","targetHints":{"allow":["GET"]}}],"collection":[{"href":"https:\/\/nexloo.mx\/cref11\/wp-json\/wp\/v2\/posts"}],"about":[{"href":"https:\/\/nexloo.mx\/cref11\/wp-json\/wp\/v2\/types\/post"}],"author":[{"embeddable":true,"href":"https:\/\/nexloo.mx\/cref11\/wp-json\/wp\/v2\/users\/1"}],"replies":[{"embeddable":true,"href":"https:\/\/nexloo.mx\/cref11\/wp-json\/wp\/v2\/comments?post=359"}],"version-history":[{"count":0,"href":"https:\/\/nexloo.mx\/cref11\/wp-json\/wp\/v2\/posts\/359\/revisions"}],"wp:featuredmedia":[{"embeddable":true,"href":"https:\/\/nexloo.mx\/cref11\/wp-json\/wp\/v2\/media\/10609"}],"wp:attachment":[{"href":"https:\/\/nexloo.mx\/cref11\/wp-json\/wp\/v2\/media?parent=359"}],"wp:term":[{"taxonomy":"category","embeddable":true,"href":"https:\/\/nexloo.mx\/cref11\/wp-json\/wp\/v2\/categories?post=359"},{"taxonomy":"post_tag","embeddable":true,"href":"https:\/\/nexloo.mx\/cref11\/wp-json\/wp\/v2\/tags?post=359"}],"curies":[{"name":"wp","href":"https:\/\/api.w.org\/{rel}","templated":true}]}}