{"id":361,"date":"2026-07-28T13:19:36","date_gmt":"2026-07-28T13:19:36","guid":{"rendered":"https:\/\/cref11.org.br\/abril-verde-mes-de-combate-ao-sedentarismo-alerta-para-emergencia-de-saude\/"},"modified":"2026-07-28T13:19:36","modified_gmt":"2026-07-28T13:19:36","slug":"abril-verde-mes-de-combate-ao-sedentarismo-alerta-para-emergencia-de-saude","status":"publish","type":"post","link":"https:\/\/nexloo.mx\/cref11\/abril-verde-mes-de-combate-ao-sedentarismo-alerta-para-emergencia-de-saude\/","title":{"rendered":"Abril Verde: m\u00eas de combate ao sedentarismo alerta para emerg\u00eancia de sa\u00fade"},"content":{"rendered":"<p><main class=\"site-main post-3392 post type-post status-publish format-standard has-post-thumbnail hentry category-noticias\" id=\"content\"><\/p>\n<div class=\"page-content\">\n<div class=\"wp-block-image\">\n<figure class=\"aligncenter size-full\"><img fetchpriority=\"high\" alt=\"\" class=\"wp-image-3393\" decoding=\"async\" height=\"675\" src=\"https:\/\/nexloo.mx\/cref11\/wp-content\/uploads\/2026\/07\/Abril.png\" width=\"1200\"\/><\/figure>\n<\/div>\n<h2 class=\"wp-block-heading\"><em>At\u00e9 2044, quase metade dos brasileiros estar\u00e1 obesa<\/em><\/h2>\n<p class=\"wp-block-paragraph\">Quase metade (48%) dos adultos brasileiros estar\u00e1 obesa at\u00e9 2044, sugere um<a href=\"https:\/\/www.fiocruzbrasilia.fiocruz.br\/quase-metade-dos-adultos-brasileiros-viverao-com-obesidade-em-20-anos\/\" target=\"_blank\" rel=\"noopener\"> <\/a><a href=\"https:\/\/www.fiocruzbrasilia.fiocruz.br\/quase-metade-dos-adultos-brasileiros-viverao-com-obesidade-em-20-anos\/\" target=\"_blank\" rel=\"noopener\">estudo<\/a><a href=\"https:\/\/www.fiocruzbrasilia.fiocruz.br\/quase-metade-dos-adultos-brasileiros-viverao-com-obesidade-em-20-anos\/\" target=\"_blank\" rel=\"noopener\"> <\/a><a href=\"https:\/\/www.fiocruzbrasilia.fiocruz.br\/quase-metade-dos-adultos-brasileiros-viverao-com-obesidade-em-20-anos\/\" target=\"_blank\" rel=\"noopener\">da<\/a><a href=\"https:\/\/www.fiocruzbrasilia.fiocruz.br\/quase-metade-dos-adultos-brasileiros-viverao-com-obesidade-em-20-anos\/\" target=\"_blank\" rel=\"noopener\"> <\/a><a href=\"https:\/\/www.fiocruzbrasilia.fiocruz.br\/quase-metade-dos-adultos-brasileiros-viverao-com-obesidade-em-20-anos\/\" target=\"_blank\" rel=\"noopener\"><u>Fiocruz.<\/u><\/a> Ao mesmo tempo, de acordo com uma pesquisa<a href=\"https:\/\/www.terra.com.br\/vida-e-estilo\/saude\/busca-por-ozempic-cresce-300-na-internet-em-2024-diz-estudo,3af654806284cfbb1604dcbbd08091d5phurgkay.html#google_vignette\" target=\"_blank\" rel=\"noopener\"> <\/a><a href=\"https:\/\/www.terra.com.br\/vida-e-estilo\/saude\/busca-por-ozempic-cresce-300-na-internet-em-2024-diz-estudo,3af654806284cfbb1604dcbbd08091d5phurgkay.html#google_vignette\" target=\"_blank\" rel=\"noopener\">divulgada<\/a><a href=\"https:\/\/www.terra.com.br\/vida-e-estilo\/saude\/busca-por-ozempic-cresce-300-na-internet-em-2024-diz-estudo,3af654806284cfbb1604dcbbd08091d5phurgkay.html#google_vignette\" target=\"_blank\" rel=\"noopener\"> <\/a><a href=\"https:\/\/www.terra.com.br\/vida-e-estilo\/saude\/busca-por-ozempic-cresce-300-na-internet-em-2024-diz-estudo,3af654806284cfbb1604dcbbd08091d5phurgkay.html#google_vignette\" target=\"_blank\" rel=\"noopener\">pela<\/a><a href=\"https:\/\/www.terra.com.br\/vida-e-estilo\/saude\/busca-por-ozempic-cresce-300-na-internet-em-2024-diz-estudo,3af654806284cfbb1604dcbbd08091d5phurgkay.html#google_vignette\" target=\"_blank\" rel=\"noopener\"> <\/a><a href=\"https:\/\/www.terra.com.br\/vida-e-estilo\/saude\/busca-por-ozempic-cresce-300-na-internet-em-2024-diz-estudo,3af654806284cfbb1604dcbbd08091d5phurgkay.html#google_vignette\" target=\"_blank\" rel=\"noopener\">Semrush<\/a>, as buscas na Internet pelo termo \u201cOzempic\u201d aumentaram 307,6% entre 2023 e 2024. O f\u00e1rmaco foi desenvolvido para tratar Diabetes, mas entrou em alta pelo seu efeito colateral emagrecedor. O que<a href=\"https:\/\/super.abril.com.br\/saude\/o-outro-lado-do-ozempic\" target=\"_blank\" rel=\"noopener\"> <\/a><a href=\"https:\/\/super.abril.com.br\/saude\/o-outro-lado-do-ozempic\" target=\"_blank\" rel=\"noopener\">os<\/a><a href=\"https:\/\/super.abril.com.br\/saude\/o-outro-lado-do-ozempic\" target=\"_blank\" rel=\"noopener\"> <\/a><a href=\"https:\/\/super.abril.com.br\/saude\/o-outro-lado-do-ozempic\" target=\"_blank\" rel=\"noopener\">dados<\/a><a href=\"https:\/\/super.abril.com.br\/saude\/o-outro-lado-do-ozempic\" target=\"_blank\" rel=\"noopener\"> <\/a><a href=\"https:\/\/super.abril.com.br\/saude\/o-outro-lado-do-ozempic\" target=\"_blank\" rel=\"noopener\">revelam<\/a>, no entanto, \u00e9 que aqueles \u201cemagrecidos\u201d pelos injet\u00e1veis voltam a ganhar peso. Volunt\u00e1rios de um estudo divulgado na PubMed recuperaram, ap\u00f3s um ano sem as inje\u00e7\u00f5es, dois ter\u00e7os do peso que tinham perdido.<\/p>\n<p class=\"wp-block-paragraph\">Diante deste cen\u00e1rio, n\u00e3o restam d\u00favidas. N\u00e3o h\u00e1 outra sa\u00edda sen\u00e3o a mudan\u00e7a dos h\u00e1bitos de vida. Preocupado com o futuro da popula\u00e7\u00e3o, o Conselho Federal de Educa\u00e7\u00e3o F\u00edsica (CONFEF) promove, desde 2022, a campanha Abril Verde, m\u00eas dedicado ao combate ao sedentarismo. A conscientiza\u00e7\u00e3o vem apresentando resultados. Recentemente, foi protocolado, pelo Deputado Andr\u00e9 Figueiredo, <a href=\"https:\/\/www.camara.leg.br\/proposicoesWeb\/fichadetramitacao?idProposicao=2351203\" target=\"_blank\" rel=\"noopener\">o <\/a><a href=\"https:\/\/www.camara.leg.br\/proposicoesWeb\/fichadetramitacao?idProposicao=2351203\" target=\"_blank\" rel=\"noopener\">Projeto<\/a><a href=\"https:\/\/www.camara.leg.br\/proposicoesWeb\/fichadetramitacao?idProposicao=2351203\" target=\"_blank\" rel=\"noopener\"> <\/a><a href=\"https:\/\/www.camara.leg.br\/proposicoesWeb\/fichadetramitacao?idProposicao=2351203\" target=\"_blank\" rel=\"noopener\">de<\/a><a href=\"https:\/\/www.camara.leg.br\/proposicoesWeb\/fichadetramitacao?idProposicao=2351203\" target=\"_blank\" rel=\"noopener\"> <\/a><a href=\"https:\/\/www.camara.leg.br\/proposicoesWeb\/fichadetramitacao?idProposicao=2351203\" target=\"_blank\" rel=\"noopener\">Lei<\/a><a href=\"https:\/\/www.camara.leg.br\/proposicoesWeb\/fichadetramitacao?idProposicao=2351203\" target=\"_blank\" rel=\"noopener\"> <\/a><a href=\"https:\/\/www.camara.leg.br\/proposicoesWeb\/fichadetramitacao?idProposicao=2351203\" target=\"_blank\" rel=\"noopener\">1088\/25<\/a>, que institui abril como m\u00eas de combate \u00e0 inatividade f\u00edsica. O documento reconhece a medida ainda como enfrentamento ao crescente \u00edndice de obesidade, entre crian\u00e7as, jovens, adultos e idosos.<\/p>\n<p class=\"wp-block-paragraph\">O PL \u00e9 a primeira iniciativa de tornar o Abril Verde uma lei, a n\u00edvel federal. No entanto, v\u00e1rias prefeituras j\u00e1 t\u00eam seus pr\u00f3prios projetos. Uma delas, Luc\u00e9lia (SP), chegou a sancionar <a href=\"https:\/\/www.camaralucelia.sp.gov.br\/index2.php?pag=T1RFPU9EUT1PVFU9T0dFPU9EZz1PR009T1RrPQ==&amp;idPar=572&amp;ano=\" target=\"_blank\" rel=\"noopener\">a<\/a><a href=\"https:\/\/www.camaralucelia.sp.gov.br\/index2.php?pag=T1RFPU9EUT1PVFU9T0dFPU9EZz1PR009T1RrPQ==&amp;idPar=572&amp;ano=\" target=\"_blank\" rel=\"noopener\"> <\/a><a href=\"https:\/\/www.camaralucelia.sp.gov.br\/index2.php?pag=T1RFPU9EUT1PVFU9T0dFPU9EZz1PR009T1RrPQ==&amp;idPar=572&amp;ano=\" target=\"_blank\" rel=\"noopener\">Lei<\/a><a href=\"https:\/\/www.camaralucelia.sp.gov.br\/index2.php?pag=T1RFPU9EUT1PVFU9T0dFPU9EZz1PR009T1RrPQ==&amp;idPar=572&amp;ano=\" target=\"_blank\" rel=\"noopener\"> <\/a><a href=\"https:\/\/www.camaralucelia.sp.gov.br\/index2.php?pag=T1RFPU9EUT1PVFU9T0dFPU9EZz1PR009T1RrPQ==&amp;idPar=572&amp;ano=\" target=\"_blank\" rel=\"noopener\">5169\/23<\/a>, oficializando a campanha na cidade. A legisla\u00e7\u00e3o a respeito da tem\u00e1tica \u00e9 necess\u00e1ria porque viabiliza a promo\u00e7\u00e3o de pol\u00edticas p\u00fablicas de enfrentamento ao sedentarismo. Isto porque uma significativa parcela da popula\u00e7\u00e3o brasileira n\u00e3o usufrui do direito de se manter ativa.<a href=\"https:\/\/www.paho.org\/pt\/topicos\/atividade-fisica#:~:text=Mundialmente%20as%20mulheres%20s%C3%A3o%20menos,oportunidades%20de%20se%20manterem%20ativas\" target=\"_blank\" rel=\"noopener\"> <\/a><a href=\"https:\/\/www.paho.org\/pt\/topicos\/atividade-fisica#:~:text=Mundialmente%20as%20mulheres%20s%C3%A3o%20menos,oportunidades%20de%20se%20manterem%20ativas\" target=\"_blank\" rel=\"noopener\">A<\/a><a href=\"https:\/\/www.paho.org\/pt\/topicos\/atividade-fisica#:~:text=Mundialmente%20as%20mulheres%20s%C3%A3o%20menos,oportunidades%20de%20se%20manterem%20ativas\" target=\"_blank\" rel=\"noopener\"> <\/a><a href=\"https:\/\/www.paho.org\/pt\/topicos\/atividade-fisica#:~:text=Mundialmente%20as%20mulheres%20s%C3%A3o%20menos,oportunidades%20de%20se%20manterem%20ativas\" target=\"_blank\" rel=\"noopener\">Organiza\u00e7\u00e3o<\/a><a href=\"https:\/\/www.paho.org\/pt\/topicos\/atividade-fisica#:~:text=Mundialmente%20as%20mulheres%20s%C3%A3o%20menos,oportunidades%20de%20se%20manterem%20ativas\" target=\"_blank\" rel=\"noopener\"> <\/a><a href=\"https:\/\/www.paho.org\/pt\/topicos\/atividade-fisica#:~:text=Mundialmente%20as%20mulheres%20s%C3%A3o%20menos,oportunidades%20de%20se%20manterem%20ativas\" target=\"_blank\" rel=\"noopener\">Mundial<\/a><a href=\"https:\/\/www.paho.org\/pt\/topicos\/atividade-fisica#:~:text=Mundialmente%20as%20mulheres%20s%C3%A3o%20menos,oportunidades%20de%20se%20manterem%20ativas\" target=\"_blank\" rel=\"noopener\"> <\/a><a href=\"https:\/\/www.paho.org\/pt\/topicos\/atividade-fisica#:~:text=Mundialmente%20as%20mulheres%20s%C3%A3o%20menos,oportunidades%20de%20se%20manterem%20ativas\" target=\"_blank\" rel=\"noopener\">da<\/a><a href=\"https:\/\/www.paho.org\/pt\/topicos\/atividade-fisica#:~:text=Mundialmente%20as%20mulheres%20s%C3%A3o%20menos,oportunidades%20de%20se%20manterem%20ativas\" target=\"_blank\" rel=\"noopener\"> <\/a><a href=\"https:\/\/www.paho.org\/pt\/topicos\/atividade-fisica#:~:text=Mundialmente%20as%20mulheres%20s%C3%A3o%20menos,oportunidades%20de%20se%20manterem%20ativas\" target=\"_blank\" rel=\"noopener\">Sa\u00fade<\/a><a href=\"https:\/\/www.paho.org\/pt\/topicos\/atividade-fisica#:~:text=Mundialmente%20as%20mulheres%20s%C3%A3o%20menos,oportunidades%20de%20se%20manterem%20ativas\" target=\"_blank\" rel=\"noopener\"> <\/a><a href=\"https:\/\/www.paho.org\/pt\/topicos\/atividade-fisica#:~:text=Mundialmente%20as%20mulheres%20s%C3%A3o%20menos,oportunidades%20de%20se%20manterem%20ativas\" target=\"_blank\" rel=\"noopener\">(OMS)<\/a><a href=\"https:\/\/www.paho.org\/pt\/topicos\/atividade-fisica#:~:text=Mundialmente%20as%20mulheres%20s%C3%A3o%20menos,oportunidades%20de%20se%20manterem%20ativas\" target=\"_blank\" rel=\"noopener\"> <\/a><a href=\"https:\/\/www.paho.org\/pt\/topicos\/atividade-fisica#:~:text=Mundialmente%20as%20mulheres%20s%C3%A3o%20menos,oportunidades%20de%20se%20manterem%20ativas\" target=\"_blank\" rel=\"noopener\">j\u00e1<\/a><a href=\"https:\/\/www.paho.org\/pt\/topicos\/atividade-fisica#:~:text=Mundialmente%20as%20mulheres%20s%C3%A3o%20menos,oportunidades%20de%20se%20manterem%20ativas\" target=\"_blank\" rel=\"noopener\"> <\/a><a href=\"https:\/\/www.paho.org\/pt\/topicos\/atividade-fisica#:~:text=Mundialmente%20as%20mulheres%20s%C3%A3o%20menos,oportunidades%20de%20se%20manterem%20ativas\" target=\"_blank\" rel=\"noopener\">levantou<\/a>, inclusive, os marcadores sociais que dificultam o acesso de certas parcelas da popula\u00e7\u00e3o ao exerc\u00edcio: classe social, g\u00eanero, etnia, entre outros.<\/p>\n<p class=\"wp-block-paragraph\">Portanto, olhar para essas lacunas \u00e9 uma demanda urgente do poder p\u00fablico. Uma das principais formas de enfrentamento, como defende o CONFEF, \u00e9 a Educa\u00e7\u00e3o F\u00edsica Escolar, um pilar essencial na forma\u00e7\u00e3o de h\u00e1bitos saud\u00e1veis desde a inf\u00e2ncia. \u00c9 por meio das aulas que as crian\u00e7as e adolescentes desenvolvem habilidades motoras e sociais que ser\u00e3o a base para uma vida ativa, representando menores chances de desenvolver obesidade, entre outras condi\u00e7\u00f5es de sa\u00fade, inclusive, na vida adulta.<\/p>\n<p class=\"wp-block-paragraph\">Essas condi\u00e7\u00f5es s\u00e3o perfeitamente evit\u00e1veis. Um estudo da OMS apontou para dados nada otimistas: cerca de 500 milh\u00f5es de pessoas desenvolver\u00e3o doen\u00e7as card\u00edacas, obesidade ou outras condi\u00e7\u00f5es decorrentes da falta de atividade f\u00edsica, no intervalo de 2020 a 2030.<a href=\"https:\/\/www.fapeam.am.gov.br\/pratica-de-exercicios-reduz-gastos-com-saude\/#:~:text=A%20pr%C3%A1tica%20regular%20de%20exerc%C3%ADcios,de%20risco%20de%20doen%C3%A7as%20cardiovasculares\" target=\"_blank\" rel=\"noopener\"> <\/a><a href=\"https:\/\/www.fapeam.am.gov.br\/pratica-de-exercicios-reduz-gastos-com-saude\/#:~:text=A%20pr%C3%A1tica%20regular%20de%20exerc%C3%ADcios,de%20risco%20de%20doen%C3%A7as%20cardiovasculares\" target=\"_blank\" rel=\"noopener\">Portanto,<\/a><a href=\"https:\/\/www.fapeam.am.gov.br\/pratica-de-exercicios-reduz-gastos-com-saude\/#:~:text=A%20pr%C3%A1tica%20regular%20de%20exerc%C3%ADcios,de%20risco%20de%20doen%C3%A7as%20cardiovasculares\" target=\"_blank\" rel=\"noopener\"> o <\/a><a href=\"https:\/\/www.fapeam.am.gov.br\/pratica-de-exercicios-reduz-gastos-com-saude\/#:~:text=A%20pr%C3%A1tica%20regular%20de%20exerc%C3%ADcios,de%20risco%20de%20doen%C3%A7as%20cardiovasculares\" target=\"_blank\" rel=\"noopener\">investimento<\/a><a href=\"https:\/\/www.fapeam.am.gov.br\/pratica-de-exercicios-reduz-gastos-com-saude\/#:~:text=A%20pr%C3%A1tica%20regular%20de%20exerc%C3%ADcios,de%20risco%20de%20doen%C3%A7as%20cardiovasculares\" target=\"_blank\" rel=\"noopener\"> <\/a><a href=\"https:\/\/www.fapeam.am.gov.br\/pratica-de-exercicios-reduz-gastos-com-saude\/#:~:text=A%20pr%C3%A1tica%20regular%20de%20exerc%C3%ADcios,de%20risco%20de%20doen%C3%A7as%20cardiovasculares\" target=\"_blank\" rel=\"noopener\">em<\/a><a href=\"https:\/\/www.fapeam.am.gov.br\/pratica-de-exercicios-reduz-gastos-com-saude\/#:~:text=A%20pr%C3%A1tica%20regular%20de%20exerc%C3%ADcios,de%20risco%20de%20doen%C3%A7as%20cardiovasculares\" target=\"_blank\" rel=\"noopener\"> <\/a><a href=\"https:\/\/www.fapeam.am.gov.br\/pratica-de-exercicios-reduz-gastos-com-saude\/#:~:text=A%20pr%C3%A1tica%20regular%20de%20exerc%C3%ADcios,de%20risco%20de%20doen%C3%A7as%20cardiovasculares\" target=\"_blank\" rel=\"noopener\">atividade<\/a><a href=\"https:\/\/www.fapeam.am.gov.br\/pratica-de-exercicios-reduz-gastos-com-saude\/#:~:text=A%20pr%C3%A1tica%20regular%20de%20exerc%C3%ADcios,de%20risco%20de%20doen%C3%A7as%20cardiovasculares\" target=\"_blank\" rel=\"noopener\"> <\/a><a href=\"https:\/\/www.fapeam.am.gov.br\/pratica-de-exercicios-reduz-gastos-com-saude\/#:~:text=A%20pr%C3%A1tica%20regular%20de%20exerc%C3%ADcios,de%20risco%20de%20doen%C3%A7as%20cardiovasculares\" target=\"_blank\" rel=\"noopener\">f\u00edsica<\/a><a href=\"https:\/\/www.fapeam.am.gov.br\/pratica-de-exercicios-reduz-gastos-com-saude\/#:~:text=A%20pr%C3%A1tica%20regular%20de%20exerc%C3%ADcios,de%20risco%20de%20doen%C3%A7as%20cardiovasculares\" target=\"_blank\" rel=\"noopener\"> <\/a><a href=\"https:\/\/www.fapeam.am.gov.br\/pratica-de-exercicios-reduz-gastos-com-saude\/#:~:text=A%20pr%C3%A1tica%20regular%20de%20exerc%C3%ADcios,de%20risco%20de%20doen%C3%A7as%20cardiovasculares\" target=\"_blank\" rel=\"noopener\">n\u00e3o<\/a><a href=\"https:\/\/www.fapeam.am.gov.br\/pratica-de-exercicios-reduz-gastos-com-saude\/#:~:text=A%20pr%C3%A1tica%20regular%20de%20exerc%C3%ADcios,de%20risco%20de%20doen%C3%A7as%20cardiovasculares\" target=\"_blank\" rel=\"noopener\"> <\/a><a href=\"https:\/\/www.fapeam.am.gov.br\/pratica-de-exercicios-reduz-gastos-com-saude\/#:~:text=A%20pr%C3%A1tica%20regular%20de%20exerc%C3%ADcios,de%20risco%20de%20doen%C3%A7as%20cardiovasculares\" target=\"_blank\" rel=\"noopener\">tem<\/a><a href=\"https:\/\/www.fapeam.am.gov.br\/pratica-de-exercicios-reduz-gastos-com-saude\/#:~:text=A%20pr%C3%A1tica%20regular%20de%20exerc%C3%ADcios,de%20risco%20de%20doen%C3%A7as%20cardiovasculares\" target=\"_blank\" rel=\"noopener\"> <\/a><a href=\"https:\/\/www.fapeam.am.gov.br\/pratica-de-exercicios-reduz-gastos-com-saude\/#:~:text=A%20pr%C3%A1tica%20regular%20de%20exerc%C3%ADcios,de%20risco%20de%20doen%C3%A7as%20cardiovasculares\" target=\"_blank\" rel=\"noopener\">nada<\/a><a href=\"https:\/\/www.fapeam.am.gov.br\/pratica-de-exercicios-reduz-gastos-com-saude\/#:~:text=A%20pr%C3%A1tica%20regular%20de%20exerc%C3%ADcios,de%20risco%20de%20doen%C3%A7as%20cardiovasculares\" target=\"_blank\" rel=\"noopener\"> <\/a><a href=\"https:\/\/www.fapeam.am.gov.br\/pratica-de-exercicios-reduz-gastos-com-saude\/#:~:text=A%20pr%C3%A1tica%20regular%20de%20exerc%C3%ADcios,de%20risco%20de%20doen%C3%A7as%20cardiovasculares\" target=\"_blank\" rel=\"noopener\">de<\/a><a href=\"https:\/\/www.fapeam.am.gov.br\/pratica-de-exercicios-reduz-gastos-com-saude\/#:~:text=A%20pr%C3%A1tica%20regular%20de%20exerc%C3%ADcios,de%20risco%20de%20doen%C3%A7as%20cardiovasculares\" target=\"_blank\" rel=\"noopener\"> <\/a><a href=\"https:\/\/www.fapeam.am.gov.br\/pratica-de-exercicios-reduz-gastos-com-saude\/#:~:text=A%20pr%C3%A1tica%20regular%20de%20exerc%C3%ADcios,de%20risco%20de%20doen%C3%A7as%20cardiovasculares\" target=\"_blank\" rel=\"noopener\">oneroso<\/a>. Muito pelo contr\u00e1rio: ele reduz gastos com tratamentos, rem\u00e9dios e interna\u00e7\u00f5es, entre outros cuidados.<\/p>\n<p class=\"wp-block-paragraph\">Prova disso \u00e9 que, no Brasil, o sedentarismo imp\u00f5e um custo significativo ao Sistema \u00danico de Sa\u00fade (SUS), com<a href=\"https:\/\/agenciabrasil.ebc.com.br\/saude\/noticia\/2021-10\/inatividade-fisica-causa-gastos-de-r-300-milhoes-ao-sus#:~:text=Estudo%20realizado%20pela%20Universidade%20Federal,interna%C3%A7%C3%B5es%2C%20em%20valores%20de%202019\" target=\"_blank\" rel=\"noopener\"> <\/a><a href=\"https:\/\/agenciabrasil.ebc.com.br\/saude\/noticia\/2021-10\/inatividade-fisica-causa-gastos-de-r-300-milhoes-ao-sus#:~:text=Estudo%20realizado%20pela%20Universidade%20Federal,interna%C3%A7%C3%B5es%2C%20em%20valores%20de%202019\" target=\"_blank\" rel=\"noopener\">estimativas<\/a><a href=\"https:\/\/agenciabrasil.ebc.com.br\/saude\/noticia\/2021-10\/inatividade-fisica-causa-gastos-de-r-300-milhoes-ao-sus#:~:text=Estudo%20realizado%20pela%20Universidade%20Federal,interna%C3%A7%C3%B5es%2C%20em%20valores%20de%202019\" target=\"_blank\" rel=\"noopener\"> <\/a><a href=\"https:\/\/agenciabrasil.ebc.com.br\/saude\/noticia\/2021-10\/inatividade-fisica-causa-gastos-de-r-300-milhoes-ao-sus#:~:text=Estudo%20realizado%20pela%20Universidade%20Federal,interna%C3%A7%C3%B5es%2C%20em%20valores%20de%202019\" target=\"_blank\" rel=\"noopener\">da<\/a><a href=\"https:\/\/agenciabrasil.ebc.com.br\/saude\/noticia\/2021-10\/inatividade-fisica-causa-gastos-de-r-300-milhoes-ao-sus#:~:text=Estudo%20realizado%20pela%20Universidade%20Federal,interna%C3%A7%C3%B5es%2C%20em%20valores%20de%202019\" target=\"_blank\" rel=\"noopener\"> <\/a><a href=\"https:\/\/agenciabrasil.ebc.com.br\/saude\/noticia\/2021-10\/inatividade-fisica-causa-gastos-de-r-300-milhoes-ao-sus#:~:text=Estudo%20realizado%20pela%20Universidade%20Federal,interna%C3%A7%C3%B5es%2C%20em%20valores%20de%202019\" target=\"_blank\" rel=\"noopener\">Universidade<\/a><a href=\"https:\/\/agenciabrasil.ebc.com.br\/saude\/noticia\/2021-10\/inatividade-fisica-causa-gastos-de-r-300-milhoes-ao-sus#:~:text=Estudo%20realizado%20pela%20Universidade%20Federal,interna%C3%A7%C3%B5es%2C%20em%20valores%20de%202019\" target=\"_blank\" rel=\"noopener\"> <\/a><a href=\"https:\/\/agenciabrasil.ebc.com.br\/saude\/noticia\/2021-10\/inatividade-fisica-causa-gastos-de-r-300-milhoes-ao-sus#:~:text=Estudo%20realizado%20pela%20Universidade%20Federal,interna%C3%A7%C3%B5es%2C%20em%20valores%20de%202019\" target=\"_blank\" rel=\"noopener\">Federal<\/a><a href=\"https:\/\/agenciabrasil.ebc.com.br\/saude\/noticia\/2021-10\/inatividade-fisica-causa-gastos-de-r-300-milhoes-ao-sus#:~:text=Estudo%20realizado%20pela%20Universidade%20Federal,interna%C3%A7%C3%B5es%2C%20em%20valores%20de%202019\" target=\"_blank\" rel=\"noopener\"> <\/a><a href=\"https:\/\/agenciabrasil.ebc.com.br\/saude\/noticia\/2021-10\/inatividade-fisica-causa-gastos-de-r-300-milhoes-ao-sus#:~:text=Estudo%20realizado%20pela%20Universidade%20Federal,interna%C3%A7%C3%B5es%2C%20em%20valores%20de%202019\" target=\"_blank\" rel=\"noopener\">Fluminense<\/a><a href=\"https:\/\/agenciabrasil.ebc.com.br\/saude\/noticia\/2021-10\/inatividade-fisica-causa-gastos-de-r-300-milhoes-ao-sus#:~:text=Estudo%20realizado%20pela%20Universidade%20Federal,interna%C3%A7%C3%B5es%2C%20em%20valores%20de%202019\" target=\"_blank\" rel=\"noopener\"> <\/a><a href=\"https:\/\/agenciabrasil.ebc.com.br\/saude\/noticia\/2021-10\/inatividade-fisica-causa-gastos-de-r-300-milhoes-ao-sus#:~:text=Estudo%20realizado%20pela%20Universidade%20Federal,interna%C3%A7%C3%B5es%2C%20em%20valores%20de%202019\" target=\"_blank\" rel=\"noopener\">(UFF)<\/a> apontando para um gasto de R$ 500 milh\u00f5es apenas em interna\u00e7\u00f5es (valores atualizados pelo IPCA). O pa\u00eds tamb\u00e9m ocupa posi\u00e7\u00f5es preocupantes em rankings globais, sendo considerado o mais sedent\u00e1rio na Am\u00e9rica Latina e o quinto no mundo, com 300 mil mortes anuais atribu\u00eddas \u00e0 inatividade f\u00edsica,<a href=\"https:\/\/www.em.com.br\/saude\/2025\/03\/7087011-sedentarismo-cresce-e-pode-causar-500-milhoes-de-casos-de-doencas-ate-2030.html#:~:text=No%20Brasil%2C%20a%20situa%C3%A7%C3%A3o%20%C3%A9,%C3%A0%20falta%20de%20atividade%20f%C3%ADsica\" target=\"_blank\" rel=\"noopener\"> <\/a><a href=\"https:\/\/www.em.com.br\/saude\/2025\/03\/7087011-sedentarismo-cresce-e-pode-causar-500-milhoes-de-casos-de-doencas-ate-2030.html#:~:text=No%20Brasil%2C%20a%20situa%C3%A7%C3%A3o%20%C3%A9,%C3%A0%20falta%20de%20atividade%20f%C3%ADsica\" target=\"_blank\" rel=\"noopener\">segundo<\/a><a href=\"https:\/\/www.em.com.br\/saude\/2025\/03\/7087011-sedentarismo-cresce-e-pode-causar-500-milhoes-de-casos-de-doencas-ate-2030.html#:~:text=No%20Brasil%2C%20a%20situa%C3%A7%C3%A3o%20%C3%A9,%C3%A0%20falta%20de%20atividade%20f%C3%ADsica\" target=\"_blank\" rel=\"noopener\"> <\/a><a href=\"https:\/\/www.em.com.br\/saude\/2025\/03\/7087011-sedentarismo-cresce-e-pode-causar-500-milhoes-de-casos-de-doencas-ate-2030.html#:~:text=No%20Brasil%2C%20a%20situa%C3%A7%C3%A3o%20%C3%A9,%C3%A0%20falta%20de%20atividade%20f%C3%ADsica\" target=\"_blank\" rel=\"noopener\">a<\/a><a href=\"https:\/\/www.em.com.br\/saude\/2025\/03\/7087011-sedentarismo-cresce-e-pode-causar-500-milhoes-de-casos-de-doencas-ate-2030.html#:~:text=No%20Brasil%2C%20a%20situa%C3%A7%C3%A3o%20%C3%A9,%C3%A0%20falta%20de%20atividade%20f%C3%ADsica\" target=\"_blank\" rel=\"noopener\"> <\/a><a href=\"https:\/\/www.em.com.br\/saude\/2025\/03\/7087011-sedentarismo-cresce-e-pode-causar-500-milhoes-de-casos-de-doencas-ate-2030.html#:~:text=No%20Brasil%2C%20a%20situa%C3%A7%C3%A3o%20%C3%A9,%C3%A0%20falta%20de%20atividade%20f%C3%ADsica\" target=\"_blank\" rel=\"noopener\">OMS<\/a>.<\/p>\n<p class=\"wp-block-paragraph\">Um desafio para o Profissional de Educa\u00e7\u00e3o F\u00edsica, uma vez que ele \u00e9 o profissional habilitado para prescrever e orientar exerc\u00edcios f\u00edsicos, como previsto nas Leis Federais<a href=\"https:\/\/www.planalto.gov.br\/ccivil_03\/leis\/l9696.htm?utm_source=\" target=\"_blank\" rel=\"noopener\"> <\/a><a href=\"https:\/\/www.planalto.gov.br\/ccivil_03\/leis\/l9696.htm?utm_source=\" target=\"_blank\" rel=\"noopener\"><u>9.696\/98<\/u><\/a> <a href=\"https:\/\/abmes.org.br\/legislacoes\/detalhe\/3975\/lei-n-14.386?utm_source\" target=\"_blank\" rel=\"noopener\">e<\/a><a href=\"https:\/\/abmes.org.br\/legislacoes\/detalhe\/3975\/lei-n-14.386?utm_source\" target=\"_blank\" rel=\"noopener\"> <\/a><a href=\"https:\/\/abmes.org.br\/legislacoes\/detalhe\/3975\/lei-n-14.386?utm_source\" target=\"_blank\" rel=\"noopener\"><u>14.386\/22<\/u><\/a>. No Brasil, eles somam mais de 670 mil profissionais devidamente registrados nos<a href=\"https:\/\/www.confef.org.br\/\" target=\"_blank\" rel=\"noopener\"> <\/a><a href=\"https:\/\/www.confef.org.br\/\" target=\"_blank\" rel=\"noopener\">Conselhos<\/a><a href=\"https:\/\/www.confef.org.br\/\" target=\"_blank\" rel=\"noopener\"> <\/a><a href=\"https:\/\/www.confef.org.br\/\" target=\"_blank\" rel=\"noopener\">Regionais<\/a><a href=\"https:\/\/www.confef.org.br\/\" target=\"_blank\" rel=\"noopener\"> <\/a><a href=\"https:\/\/www.confef.org.br\/\" target=\"_blank\" rel=\"noopener\">de<\/a><a href=\"https:\/\/www.confef.org.br\/\" target=\"_blank\" rel=\"noopener\"> <\/a><a href=\"https:\/\/www.confef.org.br\/\" target=\"_blank\" rel=\"noopener\">Educa\u00e7\u00e3o<\/a><a href=\"https:\/\/www.confef.org.br\/\" target=\"_blank\" rel=\"noopener\"> <\/a><a href=\"https:\/\/www.confef.org.br\/\" target=\"_blank\" rel=\"noopener\">F\u00edsica<\/a><a href=\"https:\/\/www.confef.org.br\/\" target=\"_blank\" rel=\"noopener\"> <\/a><a href=\"https:\/\/www.confef.org.br\/\" target=\"_blank\" rel=\"noopener\">(CREF)<\/a><a href=\"https:\/\/www.confef.org.br\/\" target=\"_blank\" rel=\"noopener\">.<\/a> Vale lembrar que a atua\u00e7\u00e3o na \u00e1rea sem o registro \u00e9 considerada ilegal, uma vez que a profiss\u00e3o \u00e9 regulamentada. Por isso, Profissional de Educa\u00e7\u00e3o F\u00edsica, s\u00f3 se for registrado. \u00c9 recomendado que se busque um nome em confef.org.br e confirme o registro.<\/p>\n<p class=\"wp-block-paragraph\">Segundo Claudio Boschi, presidente do CONFEF, esses profissionais est\u00e3o presentes em escolas, academias, hospitais e no esporte, e s\u00e3o agentes de mudan\u00e7a, de educa\u00e7\u00e3o para a sa\u00fade, capazes de construir uma sociedade mais ativa e saud\u00e1vel. O CONFEF acredita que, com o engajamento de todos, \u00e9 poss\u00edvel reverter os \u00edndices alarmantes de sedentarismo e construir um futuro mais saud\u00e1vel para as pr\u00f3ximas gera\u00e7\u00f5es. Mas \u00e9 preciso come\u00e7ar. Caso contr\u00e1rio, pode-se chegar a 2044 com quase metade da popula\u00e7\u00e3o obesa, sem mencionar os demais in\u00fameros impactos da inatividade f\u00edsica na vida humana.<\/p>\n<div class=\"post-tags\">\n<\/div>\n<\/div>\n<p><!-- .comments-area --><br \/>\n<\/main><\/p>\n","protected":false},"excerpt":{"rendered":"<p>At\u00e9 2044, quase metade dos brasileiros estar\u00e1 obesa Quase metade (48%) dos adultos brasileiros estar\u00e1 obesa at\u00e9 2044, sugere um estudo da Fiocruz. Ao mesmo tempo, de acordo com uma pesquisa divulgada pela Semrush , as buscas na Internet pelo termo \u201cOzempic\u201d aumentaram 307,6% entre 2023 e 2024. O f\u00e1rmaco foi desenvolvido para tratar Diabetes,&#8230;<\/p>\n","protected":false},"author":1,"featured_media":10610,"comment_status":"open","ping_status":"open","sticky":false,"template":"","format":"standard","meta":{"site-sidebar-layout":"default","site-content-layout":"","ast-site-content-layout":"default","site-content-style":"default","site-sidebar-style":"default","ast-global-header-display":"","ast-banner-title-visibility":"","ast-main-header-display":"","ast-hfb-above-header-display":"","ast-hfb-below-header-display":"","ast-hfb-mobile-header-display":"","site-post-title":"","ast-breadcrumbs-content":"","ast-featured-img":"","footer-sml-layout":"","ast-disable-related-posts":"","theme-transparent-header-meta":"","adv-header-id-meta":"","stick-header-meta":"","header-above-stick-meta":"","header-main-stick-meta":"","header-below-stick-meta":"","astra-migrate-meta-layouts":"default","ast-page-background-enabled":"default","ast-page-background-meta":{"desktop":{"background-color":"var(--ast-global-color-5)","background-image":"","background-repeat":"repeat","background-position":"center center","background-size":"auto","background-attachment":"scroll","background-type":"","background-media":"","overlay-type":"","overlay-color":"","overlay-opacity":"","overlay-gradient":""},"tablet":{"background-color":"","background-image":"","background-repeat":"repeat","background-position":"center center","background-size":"auto","background-attachment":"scroll","background-type":"","background-media":"","overlay-type":"","overlay-color":"","overlay-opacity":"","overlay-gradient":""},"mobile":{"background-color":"","background-image":"","background-repeat":"repeat","background-position":"center center","background-size":"auto","background-attachment":"scroll","background-type":"","background-media":"","overlay-type":"","overlay-color":"","overlay-opacity":"","overlay-gradient":""}},"ast-content-background-meta":{"desktop":{"background-color":"var(--ast-global-color-4)","background-image":"","background-repeat":"repeat","background-position":"center center","background-size":"auto","background-attachment":"scroll","background-type":"","background-media":"","overlay-type":"","overlay-color":"","overlay-opacity":"","overlay-gradient":""},"tablet":{"background-color":"var(--ast-global-color-4)","background-image":"","background-repeat":"repeat","background-position":"center center","background-size":"auto","background-attachment":"scroll","background-type":"","background-media":"","overlay-type":"","overlay-color":"","overlay-opacity":"","overlay-gradient":""},"mobile":{"background-color":"var(--ast-global-color-4)","background-image":"","background-repeat":"repeat","background-position":"center center","background-size":"auto","background-attachment":"scroll","background-type":"","background-media":"","overlay-type":"","overlay-color":"","overlay-opacity":"","overlay-gradient":""}},"footnotes":""},"categories":[1],"tags":[],"class_list":["post-361","post","type-post","status-publish","format-standard","has-post-thumbnail","hentry","category-sem-categoria"],"_links":{"self":[{"href":"https:\/\/nexloo.mx\/cref11\/wp-json\/wp\/v2\/posts\/361","targetHints":{"allow":["GET"]}}],"collection":[{"href":"https:\/\/nexloo.mx\/cref11\/wp-json\/wp\/v2\/posts"}],"about":[{"href":"https:\/\/nexloo.mx\/cref11\/wp-json\/wp\/v2\/types\/post"}],"author":[{"embeddable":true,"href":"https:\/\/nexloo.mx\/cref11\/wp-json\/wp\/v2\/users\/1"}],"replies":[{"embeddable":true,"href":"https:\/\/nexloo.mx\/cref11\/wp-json\/wp\/v2\/comments?post=361"}],"version-history":[{"count":0,"href":"https:\/\/nexloo.mx\/cref11\/wp-json\/wp\/v2\/posts\/361\/revisions"}],"wp:featuredmedia":[{"embeddable":true,"href":"https:\/\/nexloo.mx\/cref11\/wp-json\/wp\/v2\/media\/10610"}],"wp:attachment":[{"href":"https:\/\/nexloo.mx\/cref11\/wp-json\/wp\/v2\/media?parent=361"}],"wp:term":[{"taxonomy":"category","embeddable":true,"href":"https:\/\/nexloo.mx\/cref11\/wp-json\/wp\/v2\/categories?post=361"},{"taxonomy":"post_tag","embeddable":true,"href":"https:\/\/nexloo.mx\/cref11\/wp-json\/wp\/v2\/tags?post=361"}],"curies":[{"name":"wp","href":"https:\/\/api.w.org\/{rel}","templated":true}]}}