{"id":71,"date":"2026-07-28T13:19:36","date_gmt":"2026-07-28T13:19:36","guid":{"rendered":"https:\/\/cref11.org.br\/presidente-do-cref11-ms-participa-de-reuniao-plenaria-do-confef-no-rio-de-janeiro\/"},"modified":"2026-07-28T13:19:36","modified_gmt":"2026-07-28T13:19:36","slug":"presidente-do-cref11ms-participa-de-reuniao-plenaria-do-confef-no-rio-de-janeiro","status":"publish","type":"post","link":"https:\/\/nexloo.mx\/cref11\/presidente-do-cref11ms-participa-de-reuniao-plenaria-do-confef-no-rio-de-janeiro\/","title":{"rendered":"Presidente do CREF11\/MS participa de reuni\u00e3o plen\u00e1ria do CONFEF no Rio de Janeiro"},"content":{"rendered":"<p><main class=\"site-main post-731 post type-post status-publish format-standard hentry category-noticias\" id=\"content\"><\/p>\n<div class=\"page-content\">\n<p class=\"wp-block-paragraph\">A presidente do CREF11\/MS, Eliana de Mattos Carvalho, participou na manh\u00e3 desta sexta-feira (3), da reuni\u00e3o plen\u00e1ria do CONFEF, no Rio de Janeiro. O encontro mensal segue at\u00e9 este s\u00e1bado (4) e re\u00fane Conselheiros Federais e Presidentes de CREFs do pa\u00eds.<\/p>\n<p class=\"wp-block-paragraph\">Na reuni\u00e3o s\u00e3o discutidos assuntos administrativos e demandas apresentadas pelos representantes dos estados de todo o Brasil. Este \u00e9 o momento para unir for\u00e7as em benef\u00edcio da popula\u00e7\u00e3o e profissionais de Educa\u00e7\u00e3o F\u00edsica.<\/p>\n<p class=\"wp-block-paragraph\">O evento permitiu o encontro com colegas da presidente, o conselheiro federal do Rio Grande do Sul, Cl\u00e1udio Franzen e o conselheiro federal e secret\u00e1rio de Estado de Turismo, Esporte, Cultura e Cidadania, Marcelo Miranda.<\/p>\n<figure class=\"wp-block-image size-large\"><img fetchpriority=\"high\" alt=\"\" class=\"wp-image-732\" decoding=\"async\" height=\"1024\" src=\"https:\/\/nexloo.mx\/cref11\/wp-content\/uploads\/2026\/07\/163-1024x1024-1.png\" width=\"1024\"\/><\/figure>\n<figure class=\"wp-block-gallery has-nested-images columns-default is-cropped wp-block-gallery-1 is-layout-flex wp-block-gallery-is-layout-flex\">\n<figure class=\"wp-block-image size-large\"><img alt=\"\" class=\"wp-image-734\" data-id=\"734\" decoding=\"async\" height=\"1024\" src=\"https:\/\/nexloo.mx\/cref11\/wp-content\/uploads\/2026\/07\/164-1024x1024-1.png\" width=\"1024\"\/><\/figure>\n<figure class=\"wp-block-image size-large\"><img loading=\"lazy\" alt=\"\" class=\"wp-image-733\" data-id=\"733\" decoding=\"async\" height=\"1024\" loading=\"lazy\" src=\"https:\/\/nexloo.mx\/cref11\/wp-content\/uploads\/2026\/07\/165-1024x1024-1.png\" width=\"1024\"\/><\/figure>\n<\/figure>\n<div class=\"post-tags\">\n<\/div>\n<\/div>\n<p><!-- .comments-area --><br \/>\n<\/main><\/p>\n","protected":false},"excerpt":{"rendered":"<p>A presidente do CREF11\/MS, Eliana de Mattos Carvalho, participou na manh\u00e3 desta sexta-feira (3), da reuni\u00e3o plen\u00e1ria do CONFEF, no Rio de Janeiro. O encontro mensal segue at\u00e9 este s\u00e1bado (4) e re\u00fane Conselheiros Federais e Presidentes de CREFs do pa\u00eds. Na reuni\u00e3o s\u00e3o discutidos assuntos administrativos e demandas apresentadas pelos representantes dos estados de&#8230;<\/p>\n","protected":false},"author":1,"featured_media":10107,"comment_status":"open","ping_status":"open","sticky":false,"template":"","format":"standard","meta":{"site-sidebar-layout":"default","site-content-layout":"","ast-site-content-layout":"default","site-content-style":"default","site-sidebar-style":"default","ast-global-header-display":"","ast-banner-title-visibility":"","ast-main-header-display":"","ast-hfb-above-header-display":"","ast-hfb-below-header-display":"","ast-hfb-mobile-header-display":"","site-post-title":"","ast-breadcrumbs-content":"","ast-featured-img":"","footer-sml-layout":"","ast-disable-related-posts":"","theme-transparent-header-meta":"","adv-header-id-meta":"","stick-header-meta":"","header-above-stick-meta":"","header-main-stick-meta":"","header-below-stick-meta":"","astra-migrate-meta-layouts":"default","ast-page-background-enabled":"default","ast-page-background-meta":{"desktop":{"background-color":"var(--ast-global-color-5)","background-image":"","background-repeat":"repeat","background-position":"center center","background-size":"auto","background-attachment":"scroll","background-type":"","background-media":"","overlay-type":"","overlay-color":"","overlay-opacity":"","overlay-gradient":""},"tablet":{"background-color":"","background-image":"","background-repeat":"repeat","background-position":"center center","background-size":"auto","background-attachment":"scroll","background-type":"","background-media":"","overlay-type":"","overlay-color":"","overlay-opacity":"","overlay-gradient":""},"mobile":{"background-color":"","background-image":"","background-repeat":"repeat","background-position":"center center","background-size":"auto","background-attachment":"scroll","background-type":"","background-media":"","overlay-type":"","overlay-color":"","overlay-opacity":"","overlay-gradient":""}},"ast-content-background-meta":{"desktop":{"background-color":"var(--ast-global-color-4)","background-image":"","background-repeat":"repeat","background-position":"center center","background-size":"auto","background-attachment":"scroll","background-type":"","background-media":"","overlay-type":"","overlay-color":"","overlay-opacity":"","overlay-gradient":""},"tablet":{"background-color":"var(--ast-global-color-4)","background-image":"","background-repeat":"repeat","background-position":"center center","background-size":"auto","background-attachment":"scroll","background-type":"","background-media":"","overlay-type":"","overlay-color":"","overlay-opacity":"","overlay-gradient":""},"mobile":{"background-color":"var(--ast-global-color-4)","background-image":"","background-repeat":"repeat","background-position":"center center","background-size":"auto","background-attachment":"scroll","background-type":"","background-media":"","overlay-type":"","overlay-color":"","overlay-opacity":"","overlay-gradient":""}},"footnotes":""},"categories":[1],"tags":[],"class_list":["post-71","post","type-post","status-publish","format-standard","has-post-thumbnail","hentry","category-sem-categoria"],"_links":{"self":[{"href":"https:\/\/nexloo.mx\/cref11\/wp-json\/wp\/v2\/posts\/71","targetHints":{"allow":["GET"]}}],"collection":[{"href":"https:\/\/nexloo.mx\/cref11\/wp-json\/wp\/v2\/posts"}],"about":[{"href":"https:\/\/nexloo.mx\/cref11\/wp-json\/wp\/v2\/types\/post"}],"author":[{"embeddable":true,"href":"https:\/\/nexloo.mx\/cref11\/wp-json\/wp\/v2\/users\/1"}],"replies":[{"embeddable":true,"href":"https:\/\/nexloo.mx\/cref11\/wp-json\/wp\/v2\/comments?post=71"}],"version-history":[{"count":0,"href":"https:\/\/nexloo.mx\/cref11\/wp-json\/wp\/v2\/posts\/71\/revisions"}],"wp:featuredmedia":[{"embeddable":true,"href":"https:\/\/nexloo.mx\/cref11\/wp-json\/wp\/v2\/media\/10107"}],"wp:attachment":[{"href":"https:\/\/nexloo.mx\/cref11\/wp-json\/wp\/v2\/media?parent=71"}],"wp:term":[{"taxonomy":"category","embeddable":true,"href":"https:\/\/nexloo.mx\/cref11\/wp-json\/wp\/v2\/categories?post=71"},{"taxonomy":"post_tag","embeddable":true,"href":"https:\/\/nexloo.mx\/cref11\/wp-json\/wp\/v2\/tags?post=71"}],"curies":[{"name":"wp","href":"https:\/\/api.w.org\/{rel}","templated":true}]}}