{"id":75,"date":"2026-07-28T13:19:36","date_gmt":"2026-07-28T13:19:36","guid":{"rendered":"https:\/\/cref11.org.br\/presidente-se-reune-com-ministra-do-esporte\/"},"modified":"2026-07-28T13:19:36","modified_gmt":"2026-07-28T13:19:36","slug":"presidente-se-reune-com-ministra-do-esporte","status":"publish","type":"post","link":"https:\/\/nexloo.mx\/cref11\/presidente-se-reune-com-ministra-do-esporte\/","title":{"rendered":"Presidente se re\u00fane com Ministra do Esporte"},"content":{"rendered":"<p><main class=\"site-main post-796 post type-post status-publish format-standard hentry category-sem-categoria\" id=\"content\"><\/p>\n<div class=\"page-content\">\n<p class=\"wp-block-paragraph\">A presidente do CREF11\/MS, Eliana de Mattos Carvalho, esteve presente nessa quarta-feira (15), em Bras\u00edlia, juntamente com outros presidentes de CREFs, em uma reuni\u00e3o com a ministra do Esporte, Ana Moser, para apresentar demandas em prol da valoriza\u00e7\u00e3o da Educa\u00e7\u00e3o F\u00edsica. A agenda faz parte da programa\u00e7\u00e3o dos 100 dias do novo governo.<\/p>\n<p class=\"wp-block-paragraph\">Durante o encontro, foram discutidos os 150 minutos de aulas de Educa\u00e7\u00e3o F\u00edsica semanais nas escolas, Lei Geral do Esporte, Lei de Incentivo ao Esporte e parceria entre a Educa\u00e7\u00e3o F\u00edsica e o Minist\u00e9rio do Esporte.<\/p>\n<p class=\"wp-block-paragraph\">Ana Moser acolheu as demandas e destacou a import\u00e2ncia da parceria entre o Minist\u00e9rio do Esporte com os representantes regionais e profissionais da Educa\u00e7\u00e3o F\u00edsica para aux\u00edlio e desenvolvimento de crian\u00e7as, jovens e adultos brasileiros.<\/p>\n<p class=\"wp-block-paragraph\">\u201cA reuni\u00e3o foi necess\u00e1ria para apresentarmos as nossas demandas para uma parceria que seja em benef\u00edcio dos profissionais, da Educa\u00e7\u00e3o F\u00edsica e da popula\u00e7\u00e3o como um todo\u201d, afirma a presidente do CREF11\/MS.<\/p>\n<p class=\"wp-block-paragraph\">Tamb\u00e9m estiveram presentes, a Secret\u00e1ria Nacional de Esporte de Alto Desempenho, Marta Sobral, a Diretora da Secretaria Nacional de Esporte, Educa\u00e7\u00e3o, Lazer e Inclus\u00e3o Social, Rejane Penna Rodrigues, o Secret\u00e1rio Nacional de Futebol, Jos\u00e9 Luiz Ferrarezi, a Diretora de Programas e Pol\u00edticas de Incentivo ao Esporte, Michelle Vinecky e o assessor especial Diogo Silva.<\/p>\n<figure class=\"wp-block-image size-large\"><img fetchpriority=\"high\" alt=\"\" class=\"wp-image-797\" decoding=\"async\" height=\"1024\" src=\"https:\/\/nexloo.mx\/cref11\/wp-content\/uploads\/2026\/07\/168-1024x1024-1.png\" width=\"1024\"\/><\/figure>\n<div class=\"post-tags\">\n<\/div>\n<\/div>\n<p><!-- .comments-area --><br \/>\n<\/main><\/p>\n","protected":false},"excerpt":{"rendered":"<p>A presidente do CREF11\/MS, Eliana de Mattos Carvalho, esteve presente nessa quarta-feira (15), em Bras\u00edlia, juntamente com outros presidentes de CREFs, em uma reuni\u00e3o com a ministra do Esporte, Ana Moser, para apresentar demandas em prol da valoriza\u00e7\u00e3o da Educa\u00e7\u00e3o F\u00edsica. A agenda faz parte da programa\u00e7\u00e3o dos 100 dias do novo governo. Durante o&#8230;<\/p>\n","protected":false},"author":1,"featured_media":10113,"comment_status":"open","ping_status":"open","sticky":false,"template":"","format":"standard","meta":{"site-sidebar-layout":"default","site-content-layout":"","ast-site-content-layout":"default","site-content-style":"default","site-sidebar-style":"default","ast-global-header-display":"","ast-banner-title-visibility":"","ast-main-header-display":"","ast-hfb-above-header-display":"","ast-hfb-below-header-display":"","ast-hfb-mobile-header-display":"","site-post-title":"","ast-breadcrumbs-content":"","ast-featured-img":"","footer-sml-layout":"","ast-disable-related-posts":"","theme-transparent-header-meta":"","adv-header-id-meta":"","stick-header-meta":"","header-above-stick-meta":"","header-main-stick-meta":"","header-below-stick-meta":"","astra-migrate-meta-layouts":"default","ast-page-background-enabled":"default","ast-page-background-meta":{"desktop":{"background-color":"var(--ast-global-color-5)","background-image":"","background-repeat":"repeat","background-position":"center center","background-size":"auto","background-attachment":"scroll","background-type":"","background-media":"","overlay-type":"","overlay-color":"","overlay-opacity":"","overlay-gradient":""},"tablet":{"background-color":"","background-image":"","background-repeat":"repeat","background-position":"center center","background-size":"auto","background-attachment":"scroll","background-type":"","background-media":"","overlay-type":"","overlay-color":"","overlay-opacity":"","overlay-gradient":""},"mobile":{"background-color":"","background-image":"","background-repeat":"repeat","background-position":"center center","background-size":"auto","background-attachment":"scroll","background-type":"","background-media":"","overlay-type":"","overlay-color":"","overlay-opacity":"","overlay-gradient":""}},"ast-content-background-meta":{"desktop":{"background-color":"var(--ast-global-color-4)","background-image":"","background-repeat":"repeat","background-position":"center center","background-size":"auto","background-attachment":"scroll","background-type":"","background-media":"","overlay-type":"","overlay-color":"","overlay-opacity":"","overlay-gradient":""},"tablet":{"background-color":"var(--ast-global-color-4)","background-image":"","background-repeat":"repeat","background-position":"center center","background-size":"auto","background-attachment":"scroll","background-type":"","background-media":"","overlay-type":"","overlay-color":"","overlay-opacity":"","overlay-gradient":""},"mobile":{"background-color":"var(--ast-global-color-4)","background-image":"","background-repeat":"repeat","background-position":"center center","background-size":"auto","background-attachment":"scroll","background-type":"","background-media":"","overlay-type":"","overlay-color":"","overlay-opacity":"","overlay-gradient":""}},"footnotes":""},"categories":[1],"tags":[],"class_list":["post-75","post","type-post","status-publish","format-standard","has-post-thumbnail","hentry","category-sem-categoria"],"_links":{"self":[{"href":"https:\/\/nexloo.mx\/cref11\/wp-json\/wp\/v2\/posts\/75","targetHints":{"allow":["GET"]}}],"collection":[{"href":"https:\/\/nexloo.mx\/cref11\/wp-json\/wp\/v2\/posts"}],"about":[{"href":"https:\/\/nexloo.mx\/cref11\/wp-json\/wp\/v2\/types\/post"}],"author":[{"embeddable":true,"href":"https:\/\/nexloo.mx\/cref11\/wp-json\/wp\/v2\/users\/1"}],"replies":[{"embeddable":true,"href":"https:\/\/nexloo.mx\/cref11\/wp-json\/wp\/v2\/comments?post=75"}],"version-history":[{"count":0,"href":"https:\/\/nexloo.mx\/cref11\/wp-json\/wp\/v2\/posts\/75\/revisions"}],"wp:featuredmedia":[{"embeddable":true,"href":"https:\/\/nexloo.mx\/cref11\/wp-json\/wp\/v2\/media\/10113"}],"wp:attachment":[{"href":"https:\/\/nexloo.mx\/cref11\/wp-json\/wp\/v2\/media?parent=75"}],"wp:term":[{"taxonomy":"category","embeddable":true,"href":"https:\/\/nexloo.mx\/cref11\/wp-json\/wp\/v2\/categories?post=75"},{"taxonomy":"post_tag","embeddable":true,"href":"https:\/\/nexloo.mx\/cref11\/wp-json\/wp\/v2\/tags?post=75"}],"curies":[{"name":"wp","href":"https:\/\/api.w.org\/{rel}","templated":true}]}}