{"id":91,"date":"2026-07-28T13:19:36","date_gmt":"2026-07-28T13:19:36","guid":{"rendered":"https:\/\/cref11.org.br\/sesau-cg-abre-processo-seletivo-para-profissionais-de-ed-fisica-atuarem-como-preceptores-no-programa-de-residencia\/"},"modified":"2026-07-28T13:19:36","modified_gmt":"2026-07-28T13:19:36","slug":"sesau-cg-abre-processo-seletivo-para-profissionais-de-ed-fisica-atuarem-como-pre","status":"publish","type":"post","link":"https:\/\/nexloo.mx\/cref11\/sesau-cg-abre-processo-seletivo-para-profissionais-de-ed-fisica-atuarem-como-pre\/","title":{"rendered":"SESAU CG abre processo seletivo para profissionais de Ed. F\u00edsica atuarem como preceptores no Programa de Resid\u00eancia"},"content":{"rendered":"<p><main class=\"site-main post-903 post type-post status-publish format-standard hentry category-noticias\" id=\"content\"><\/p>\n<div class=\"page-content\">\n<p class=\"wp-block-paragraph\">A Secretaria Municipal de Sa\u00fade (SESAU) de Campo Grande publicou o Processo Seletivo para Profissionais de Educa\u00e7\u00e3o F\u00edsica atuarem como preceptores no Programa de Resid\u00eancia Multiprofissional em Sa\u00fade da Fam\u00edlia nas unidades da Aten\u00e7\u00e3o Prim\u00e1ria. O Programa \u00e9 realizado em parceria com a Funda\u00e7\u00e3o Oswaldo Cruz (FIOCRUZ).<\/p>\n<p class=\"wp-block-paragraph\">As inscri\u00e7\u00f5es devem ser realizadas pelo site <a href=\"http:\/\/www.campogrande.ms.gov.br\/sesau\/servicos\/?fbclid=IwAR1hP7Je2uGY6NM6dnZ91H_5QHqJCbCuRrHotiWjR5uH1WehUNm8H548Fiw\" rel=\"noreferrer noopener\" target=\"_blank\">http:\/\/www.campogrande.ms.gov.br\/sesau\/servicos\/<\/a> at\u00e9 o dia 23 de abril. O candidato poder\u00e1 acompanhar todo o <a><\/a>processo pelo mesmo endere\u00e7o eletr\u00f4nico.<\/p>\n<p class=\"wp-block-paragraph\">Os selecionados assumem o compromisso de manter a execu\u00e7\u00e3o dos processos de trabalho propostos enquanto servidor p\u00fablico lotados em unidades da Aten\u00e7\u00e3o Prim\u00e1ria \u00e0 Sa\u00fade da Sesau. Al\u00e9m de ser servidor efetivo, com v\u00ednculo que possua carga hor\u00e1ria de no m\u00ednimo 30 horas semanais, concursado na categoria profissional condizente com as vagas ofertadas.<\/p>\n<p class=\"wp-block-paragraph\">Tamb\u00e9m \u00e9 necess\u00e1rio ter disponibilidade de remanejamento para Unidades de Sa\u00fade da Fam\u00edlia (USFs): USF Batist\u00e3o, USF Oliveira, USF Coophavila, USF Itamarac\u00e1,USF Moreninhas, USF Tiradentes, USF Noroeste, USF Jardim Presidente, USF Santa Em\u00edlia e demais unidades de sa\u00fade elencadas pela SESAU, a depender da disponibilidade de vagas no momento da convoca\u00e7\u00e3o.<\/p>\n<p class=\"wp-block-paragraph\">O valor da bolsa preceptoria ser\u00e1 equivalente ao valor vigente da bolsa do Minist\u00e9rio da Sa\u00fade para o Programa de Resid\u00eancia Multiprofissional em Sa\u00fade da Fam\u00edlia.<\/p>\n<p class=\"wp-block-paragraph\">Mais informa\u00e7\u00f5es, acesse o Edital (<a href=\"https:\/\/drive.google.com\/file\/d\/1U84FtJgxfrTisgBK6lpYvjAhZfE89hR4\/view?fbclid=IwAR3k_L2vdlUX-AL-M3LNNP8OUg0CAjkk7yP-hoyPUEte41bkWymixEbyIkM\" rel=\"noreferrer noopener\" target=\"_blank\">https:\/\/drive.google.com\/\u2026\/1U84FtJgxfrTisgBK6lpYvj\u2026\/view<\/a>)<\/p>\n<figure class=\"wp-block-image size-full\"><img fetchpriority=\"high\" alt=\"\" class=\"wp-image-904\" decoding=\"async\" height=\"526\" src=\"https:\/\/nexloo.mx\/cref11\/wp-content\/uploads\/2026\/07\/341088881_605382654805415_3123105665583406887_n.jpg\" width=\"526\"\/><\/figure>\n<div class=\"post-tags\">\n<\/div>\n<\/div>\n<p><!-- .comments-area --><br \/>\n<\/main><\/p>\n","protected":false},"excerpt":{"rendered":"<p>A Secretaria Municipal de Sa\u00fade (SESAU) de Campo Grande publicou o Processo Seletivo para Profissionais de Educa\u00e7\u00e3o F\u00edsica atuarem como preceptores no Programa de Resid\u00eancia Multiprofissional em Sa\u00fade da Fam\u00edlia nas unidades da Aten\u00e7\u00e3o Prim\u00e1ria. O Programa \u00e9 realizado em parceria com a Funda\u00e7\u00e3o Oswaldo Cruz (FIOCRUZ). As inscri\u00e7\u00f5es devem ser realizadas pelo site http:\/\/www.campogrande.ms.gov.br\/sesau\/servicos\/&#8230;<\/p>\n","protected":false},"author":1,"featured_media":10127,"comment_status":"open","ping_status":"open","sticky":false,"template":"","format":"standard","meta":{"site-sidebar-layout":"default","site-content-layout":"","ast-site-content-layout":"default","site-content-style":"default","site-sidebar-style":"default","ast-global-header-display":"","ast-banner-title-visibility":"","ast-main-header-display":"","ast-hfb-above-header-display":"","ast-hfb-below-header-display":"","ast-hfb-mobile-header-display":"","site-post-title":"","ast-breadcrumbs-content":"","ast-featured-img":"","footer-sml-layout":"","ast-disable-related-posts":"","theme-transparent-header-meta":"","adv-header-id-meta":"","stick-header-meta":"","header-above-stick-meta":"","header-main-stick-meta":"","header-below-stick-meta":"","astra-migrate-meta-layouts":"default","ast-page-background-enabled":"default","ast-page-background-meta":{"desktop":{"background-color":"var(--ast-global-color-5)","background-image":"","background-repeat":"repeat","background-position":"center center","background-size":"auto","background-attachment":"scroll","background-type":"","background-media":"","overlay-type":"","overlay-color":"","overlay-opacity":"","overlay-gradient":""},"tablet":{"background-color":"","background-image":"","background-repeat":"repeat","background-position":"center center","background-size":"auto","background-attachment":"scroll","background-type":"","background-media":"","overlay-type":"","overlay-color":"","overlay-opacity":"","overlay-gradient":""},"mobile":{"background-color":"","background-image":"","background-repeat":"repeat","background-position":"center center","background-size":"auto","background-attachment":"scroll","background-type":"","background-media":"","overlay-type":"","overlay-color":"","overlay-opacity":"","overlay-gradient":""}},"ast-content-background-meta":{"desktop":{"background-color":"var(--ast-global-color-4)","background-image":"","background-repeat":"repeat","background-position":"center center","background-size":"auto","background-attachment":"scroll","background-type":"","background-media":"","overlay-type":"","overlay-color":"","overlay-opacity":"","overlay-gradient":""},"tablet":{"background-color":"var(--ast-global-color-4)","background-image":"","background-repeat":"repeat","background-position":"center center","background-size":"auto","background-attachment":"scroll","background-type":"","background-media":"","overlay-type":"","overlay-color":"","overlay-opacity":"","overlay-gradient":""},"mobile":{"background-color":"var(--ast-global-color-4)","background-image":"","background-repeat":"repeat","background-position":"center center","background-size":"auto","background-attachment":"scroll","background-type":"","background-media":"","overlay-type":"","overlay-color":"","overlay-opacity":"","overlay-gradient":""}},"footnotes":""},"categories":[1],"tags":[],"class_list":["post-91","post","type-post","status-publish","format-standard","has-post-thumbnail","hentry","category-sem-categoria"],"_links":{"self":[{"href":"https:\/\/nexloo.mx\/cref11\/wp-json\/wp\/v2\/posts\/91","targetHints":{"allow":["GET"]}}],"collection":[{"href":"https:\/\/nexloo.mx\/cref11\/wp-json\/wp\/v2\/posts"}],"about":[{"href":"https:\/\/nexloo.mx\/cref11\/wp-json\/wp\/v2\/types\/post"}],"author":[{"embeddable":true,"href":"https:\/\/nexloo.mx\/cref11\/wp-json\/wp\/v2\/users\/1"}],"replies":[{"embeddable":true,"href":"https:\/\/nexloo.mx\/cref11\/wp-json\/wp\/v2\/comments?post=91"}],"version-history":[{"count":0,"href":"https:\/\/nexloo.mx\/cref11\/wp-json\/wp\/v2\/posts\/91\/revisions"}],"wp:featuredmedia":[{"embeddable":true,"href":"https:\/\/nexloo.mx\/cref11\/wp-json\/wp\/v2\/media\/10127"}],"wp:attachment":[{"href":"https:\/\/nexloo.mx\/cref11\/wp-json\/wp\/v2\/media?parent=91"}],"wp:term":[{"taxonomy":"category","embeddable":true,"href":"https:\/\/nexloo.mx\/cref11\/wp-json\/wp\/v2\/categories?post=91"},{"taxonomy":"post_tag","embeddable":true,"href":"https:\/\/nexloo.mx\/cref11\/wp-json\/wp\/v2\/tags?post=91"}],"curies":[{"name":"wp","href":"https:\/\/api.w.org\/{rel}","templated":true}]}}